{"id":17358,"date":"2025-01-18T08:00:09","date_gmt":"2025-01-18T07:00:09","guid":{"rendered":"https:\/\/fiaf.net\/veneto\/?p=17358"},"modified":"2025-01-18T08:31:36","modified_gmt":"2025-01-18T07:31:36","slug":"rf24-rovolon-fotografia-gli-autori-12-22","status":"publish","type":"post","link":"https:\/\/fiaf.net\/veneto\/rf24-rovolon-fotografia-gli-autori-12-22\/","title":{"rendered":"RF24 Rovolon Fotografia &#8211; Gli autori 12-22"},"content":{"rendered":"<p>Il nostro giro virtuale a spasso per i restanti negozi e ristoranti di Bastia, Carbonara e Rovolon che hanno aderito all&#8217;iniziativa di &#8220;Rovolon Fotografia&#8221; continua con tre foto, tra quelle esposte, per autore e la presentazione dei loro lavori.<br \/>\nVi diamo appuntamento a breve per completare le mostre di quest&#8217;anno con la presentazione di quanto esposto in Sala Polivalente presso la Scuola Materna &#8220;Il Bucaneve&#8221; di Carbonara.<br \/>\nNel frattempo, vi aspettiamo.<\/p>\n<p>La rassegna fotografica ha ottenuto anche quest\u2019anno il<br \/>\n<strong>Riconoscimento FIAF F43\/2024<\/strong>.<\/p>\n<p>Non mancate, vi aspettiamo!<\/p>\n<p><img loading=\"lazy\" decoding=\"async\" class=\"alignnone size-large wp-image-17177\" src=\"https:\/\/fiaf.net\/veneto\/wp-content\/uploads\/sites\/7\/2024\/12\/20241201-0126-Rovolon-etc-ROVOLON-FOTOGRAFIA-24-25-pieghevole-orari-apertura-Locali-733x1024.png\" alt=\"\" width=\"733\" height=\"1024\" srcset=\"https:\/\/fiaf.net\/veneto\/wp-content\/uploads\/sites\/7\/2024\/12\/20241201-0126-Rovolon-etc-ROVOLON-FOTOGRAFIA-24-25-pieghevole-orari-apertura-Locali-733x1024.png 733w, https:\/\/fiaf.net\/veneto\/wp-content\/uploads\/sites\/7\/2024\/12\/20241201-0126-Rovolon-etc-ROVOLON-FOTOGRAFIA-24-25-pieghevole-orari-apertura-Locali-215x300.png 215w, https:\/\/fiaf.net\/veneto\/wp-content\/uploads\/sites\/7\/2024\/12\/20241201-0126-Rovolon-etc-ROVOLON-FOTOGRAFIA-24-25-pieghevole-orari-apertura-Locali-768x1072.png 768w, https:\/\/fiaf.net\/veneto\/wp-content\/uploads\/sites\/7\/2024\/12\/20241201-0126-Rovolon-etc-ROVOLON-FOTOGRAFIA-24-25-pieghevole-orari-apertura-Locali.png 1009w\" sizes=\"auto, (max-width: 733px) 100vw, 733px\" \/><\/p>\n<p><img loading=\"lazy\" decoding=\"async\" class=\"alignnone size-large wp-image-17175\" src=\"https:\/\/fiaf.net\/veneto\/wp-content\/uploads\/sites\/7\/2024\/12\/20241201-0126-Rovolon-etc-ROVOLON-FOTOGRAFIA-24-25-pieghevole-1-1024x724.jpg\" alt=\"\" width=\"1024\" height=\"724\" srcset=\"https:\/\/fiaf.net\/veneto\/wp-content\/uploads\/sites\/7\/2024\/12\/20241201-0126-Rovolon-etc-ROVOLON-FOTOGRAFIA-24-25-pieghevole-1-1024x724.jpg 1024w, https:\/\/fiaf.net\/veneto\/wp-content\/uploads\/sites\/7\/2024\/12\/20241201-0126-Rovolon-etc-ROVOLON-FOTOGRAFIA-24-25-pieghevole-1-300x212.jpg 300w, https:\/\/fiaf.net\/veneto\/wp-content\/uploads\/sites\/7\/2024\/12\/20241201-0126-Rovolon-etc-ROVOLON-FOTOGRAFIA-24-25-pieghevole-1-768x543.jpg 768w, https:\/\/fiaf.net\/veneto\/wp-content\/uploads\/sites\/7\/2024\/12\/20241201-0126-Rovolon-etc-ROVOLON-FOTOGRAFIA-24-25-pieghevole-1-1536x1086.jpg 1536w, https:\/\/fiaf.net\/veneto\/wp-content\/uploads\/sites\/7\/2024\/12\/20241201-0126-Rovolon-etc-ROVOLON-FOTOGRAFIA-24-25-pieghevole-1-2048x1448.jpg 2048w\" sizes=\"auto, (max-width: 1024px) 100vw, 1024px\" \/><\/p>\n<p><img loading=\"lazy\" decoding=\"async\" class=\"alignnone size-large wp-image-17176\" src=\"https:\/\/fiaf.net\/veneto\/wp-content\/uploads\/sites\/7\/2024\/12\/20241201-0126-Rovolon-etc-ROVOLON-FOTOGRAFIA-24-25-pieghevole-2-1024x724.jpg\" alt=\"\" width=\"1024\" height=\"724\" srcset=\"https:\/\/fiaf.net\/veneto\/wp-content\/uploads\/sites\/7\/2024\/12\/20241201-0126-Rovolon-etc-ROVOLON-FOTOGRAFIA-24-25-pieghevole-2-1024x724.jpg 1024w, https:\/\/fiaf.net\/veneto\/wp-content\/uploads\/sites\/7\/2024\/12\/20241201-0126-Rovolon-etc-ROVOLON-FOTOGRAFIA-24-25-pieghevole-2-300x212.jpg 300w, https:\/\/fiaf.net\/veneto\/wp-content\/uploads\/sites\/7\/2024\/12\/20241201-0126-Rovolon-etc-ROVOLON-FOTOGRAFIA-24-25-pieghevole-2-768x543.jpg 768w, https:\/\/fiaf.net\/veneto\/wp-content\/uploads\/sites\/7\/2024\/12\/20241201-0126-Rovolon-etc-ROVOLON-FOTOGRAFIA-24-25-pieghevole-2-1536x1086.jpg 1536w, https:\/\/fiaf.net\/veneto\/wp-content\/uploads\/sites\/7\/2024\/12\/20241201-0126-Rovolon-etc-ROVOLON-FOTOGRAFIA-24-25-pieghevole-2-2048x1448.jpg 2048w\" sizes=\"auto, (max-width: 1024px) 100vw, 1024px\" \/><\/p>\n<p>&nbsp;<\/p>\n<hr \/>\n<h3>Michele SANTAGOSTINO <img loading=\"lazy\" decoding=\"async\" class=\"alignnone wp-image-17410\" src=\"https:\/\/fiaf.net\/veneto\/wp-content\/uploads\/sites\/7\/2025\/01\/LOGO-FIAF-ETS_120px.jpg\" alt=\"\" width=\"30\" height=\"34\" \/><\/h3>\n<p><strong>Attraversando la Riserva Navajo<\/strong><\/p>\n<p><strong>Monument Valley Riserva Navajo<\/strong><br \/>\nLa Monument Valley all\u2019interno della Navajo Nation, icona del West, una pianura collocata al confine tra Utah e Arizona con guglie rocciose e sabbia dal colore rossastro. Panorama da Far West cos\u00ec evocativo da essere stato ribattezzato col nome del regista western americano pi\u00f9 importante John Ford e la fantasia di immaginare Elephant Butte di roccia arenaria<br \/>\n<strong>Riserva Navajo <\/strong><br \/>\nNell\u2019imponente parco all\u2019interno della Navajo Nation, chiamato dai nativi \u201cla valle delle rocce\u201d.L&#8217;Horseshoe Bend \u00e8 un meandro del fiume Colorado, a forma di ferro di cavallo. Il punto panoramico si trova a 1300 metri sul livello del mare, il fiume Colorado si trova circa 300 metri al di sotto, a 1000 metri sopra il livello del mare<br \/>\n<strong>Grand Canyon Arizona<\/strong><br \/>\nNell&#8217;Arizona settentrionale il fiume Colorado forma una grande gola \u201cIl Grand Canyon.\u201d Questa immensa erosione \u00e8 lunga 446 chilometri circa, profonda fino a 1.857 metri e con una larghezza variabile dai 500 metri fino ai 29 chilometri.<\/p>\n<div id='gallery-1' class='gallery galleryid-17358 gallery-columns-3 gallery-size-medium'><figure class='gallery-item'>\n\t\t\t<div class='gallery-icon landscape'>\n\t\t\t\t<a href='https:\/\/fiaf.net\/veneto\/rf24-rovolon-fotografia-gli-autori-12-22\/rf24-rovolon-fotografia-12-1-santagostino-michele\/'><img loading=\"lazy\" decoding=\"async\" width=\"300\" height=\"200\" src=\"https:\/\/fiaf.net\/veneto\/wp-content\/uploads\/sites\/7\/2025\/01\/RF24-Rovolon-Fotografia-12-1-Santagostino-Michele-300x200.jpg\" class=\"attachment-medium size-medium\" alt=\"\" srcset=\"https:\/\/fiaf.net\/veneto\/wp-content\/uploads\/sites\/7\/2025\/01\/RF24-Rovolon-Fotografia-12-1-Santagostino-Michele-300x200.jpg 300w, https:\/\/fiaf.net\/veneto\/wp-content\/uploads\/sites\/7\/2025\/01\/RF24-Rovolon-Fotografia-12-1-Santagostino-Michele-1024x683.jpg 1024w, https:\/\/fiaf.net\/veneto\/wp-content\/uploads\/sites\/7\/2025\/01\/RF24-Rovolon-Fotografia-12-1-Santagostino-Michele-768x512.jpg 768w, https:\/\/fiaf.net\/veneto\/wp-content\/uploads\/sites\/7\/2025\/01\/RF24-Rovolon-Fotografia-12-1-Santagostino-Michele-1536x1025.jpg 1536w, https:\/\/fiaf.net\/veneto\/wp-content\/uploads\/sites\/7\/2025\/01\/RF24-Rovolon-Fotografia-12-1-Santagostino-Michele.jpg 1772w\" sizes=\"auto, (max-width: 300px) 100vw, 300px\" \/><\/a>\n\t\t\t<\/div><\/figure><figure class='gallery-item'>\n\t\t\t<div class='gallery-icon landscape'>\n\t\t\t\t<a href='https:\/\/fiaf.net\/veneto\/rf24-rovolon-fotografia-gli-autori-12-22\/rf24-rovolon-fotografia-12-2-santagostino-michele\/'><img loading=\"lazy\" decoding=\"async\" width=\"300\" height=\"182\" src=\"https:\/\/fiaf.net\/veneto\/wp-content\/uploads\/sites\/7\/2025\/01\/RF24-Rovolon-Fotografia-12-2-Santagostino-Michele-300x182.jpg\" class=\"attachment-medium size-medium\" alt=\"\" srcset=\"https:\/\/fiaf.net\/veneto\/wp-content\/uploads\/sites\/7\/2025\/01\/RF24-Rovolon-Fotografia-12-2-Santagostino-Michele-300x182.jpg 300w, https:\/\/fiaf.net\/veneto\/wp-content\/uploads\/sites\/7\/2025\/01\/RF24-Rovolon-Fotografia-12-2-Santagostino-Michele-1024x621.jpg 1024w, https:\/\/fiaf.net\/veneto\/wp-content\/uploads\/sites\/7\/2025\/01\/RF24-Rovolon-Fotografia-12-2-Santagostino-Michele-768x466.jpg 768w, https:\/\/fiaf.net\/veneto\/wp-content\/uploads\/sites\/7\/2025\/01\/RF24-Rovolon-Fotografia-12-2-Santagostino-Michele-1536x932.jpg 1536w, https:\/\/fiaf.net\/veneto\/wp-content\/uploads\/sites\/7\/2025\/01\/RF24-Rovolon-Fotografia-12-2-Santagostino-Michele-780x470.jpg 780w, https:\/\/fiaf.net\/veneto\/wp-content\/uploads\/sites\/7\/2025\/01\/RF24-Rovolon-Fotografia-12-2-Santagostino-Michele.jpg 1772w\" sizes=\"auto, (max-width: 300px) 100vw, 300px\" \/><\/a>\n\t\t\t<\/div><\/figure><figure class='gallery-item'>\n\t\t\t<div class='gallery-icon landscape'>\n\t\t\t\t<a href='https:\/\/fiaf.net\/veneto\/rf24-rovolon-fotografia-gli-autori-12-22\/rf24-rovolon-fotografia-12-3-santgostino-michele\/'><img loading=\"lazy\" decoding=\"async\" width=\"300\" height=\"194\" src=\"https:\/\/fiaf.net\/veneto\/wp-content\/uploads\/sites\/7\/2025\/01\/RF24-Rovolon-Fotografia-12-3-Santgostino-Michele-300x194.jpg\" class=\"attachment-medium size-medium\" alt=\"\" srcset=\"https:\/\/fiaf.net\/veneto\/wp-content\/uploads\/sites\/7\/2025\/01\/RF24-Rovolon-Fotografia-12-3-Santgostino-Michele-300x194.jpg 300w, https:\/\/fiaf.net\/veneto\/wp-content\/uploads\/sites\/7\/2025\/01\/RF24-Rovolon-Fotografia-12-3-Santgostino-Michele-1024x662.jpg 1024w, https:\/\/fiaf.net\/veneto\/wp-content\/uploads\/sites\/7\/2025\/01\/RF24-Rovolon-Fotografia-12-3-Santgostino-Michele-768x497.jpg 768w, https:\/\/fiaf.net\/veneto\/wp-content\/uploads\/sites\/7\/2025\/01\/RF24-Rovolon-Fotografia-12-3-Santgostino-Michele-1536x993.jpg 1536w, https:\/\/fiaf.net\/veneto\/wp-content\/uploads\/sites\/7\/2025\/01\/RF24-Rovolon-Fotografia-12-3-Santgostino-Michele.jpg 1772w\" sizes=\"auto, (max-width: 300px) 100vw, 300px\" \/><\/a>\n\t\t\t<\/div><\/figure>\n\t\t<\/div>\n\n<hr \/>\n<h3>Silvia ZANALDI<\/h3>\n<p>Identit\u00e0 nascoste<\/p>\n<p>Le immagini cercano di esprimere la mancanza e la conseguente dolorosa ricerca di un\u2019identit\u00e0 coerente con la natura del soggetto, al di l\u00e0 delle imposizioni familiari e sociali.<\/p>\n<div id='gallery-2' class='gallery galleryid-17358 gallery-columns-3 gallery-size-medium'><figure class='gallery-item'>\n\t\t\t<div class='gallery-icon landscape'>\n\t\t\t\t<a href='https:\/\/fiaf.net\/veneto\/rf24-rovolon-fotografia-gli-autori-12-22\/rf24-rovolon-fotografia-13-1-zanaldi-silvia\/'><img loading=\"lazy\" decoding=\"async\" width=\"300\" height=\"234\" src=\"https:\/\/fiaf.net\/veneto\/wp-content\/uploads\/sites\/7\/2025\/01\/RF24-Rovolon-Fotografia-13-1-Zanaldi-Silvia-300x234.jpg\" class=\"attachment-medium size-medium\" alt=\"\" srcset=\"https:\/\/fiaf.net\/veneto\/wp-content\/uploads\/sites\/7\/2025\/01\/RF24-Rovolon-Fotografia-13-1-Zanaldi-Silvia-300x234.jpg 300w, https:\/\/fiaf.net\/veneto\/wp-content\/uploads\/sites\/7\/2025\/01\/RF24-Rovolon-Fotografia-13-1-Zanaldi-Silvia-1024x798.jpg 1024w, https:\/\/fiaf.net\/veneto\/wp-content\/uploads\/sites\/7\/2025\/01\/RF24-Rovolon-Fotografia-13-1-Zanaldi-Silvia-768x599.jpg 768w, https:\/\/fiaf.net\/veneto\/wp-content\/uploads\/sites\/7\/2025\/01\/RF24-Rovolon-Fotografia-13-1-Zanaldi-Silvia-1536x1198.jpg 1536w, https:\/\/fiaf.net\/veneto\/wp-content\/uploads\/sites\/7\/2025\/01\/RF24-Rovolon-Fotografia-13-1-Zanaldi-Silvia-2048x1597.jpg 2048w\" sizes=\"auto, (max-width: 300px) 100vw, 300px\" \/><\/a>\n\t\t\t<\/div><\/figure><figure class='gallery-item'>\n\t\t\t<div class='gallery-icon landscape'>\n\t\t\t\t<a href='https:\/\/fiaf.net\/veneto\/rf24-rovolon-fotografia-gli-autori-12-22\/rf24-rovolon-fotografia-13-2-zanaldi-silvia\/'><img loading=\"lazy\" decoding=\"async\" width=\"300\" height=\"200\" src=\"https:\/\/fiaf.net\/veneto\/wp-content\/uploads\/sites\/7\/2025\/01\/RF24-Rovolon-Fotografia-13-2-Zanaldi-Silvia-300x200.jpg\" class=\"attachment-medium size-medium\" alt=\"\" srcset=\"https:\/\/fiaf.net\/veneto\/wp-content\/uploads\/sites\/7\/2025\/01\/RF24-Rovolon-Fotografia-13-2-Zanaldi-Silvia-300x200.jpg 300w, https:\/\/fiaf.net\/veneto\/wp-content\/uploads\/sites\/7\/2025\/01\/RF24-Rovolon-Fotografia-13-2-Zanaldi-Silvia-1024x683.jpg 1024w, https:\/\/fiaf.net\/veneto\/wp-content\/uploads\/sites\/7\/2025\/01\/RF24-Rovolon-Fotografia-13-2-Zanaldi-Silvia-768x512.jpg 768w, https:\/\/fiaf.net\/veneto\/wp-content\/uploads\/sites\/7\/2025\/01\/RF24-Rovolon-Fotografia-13-2-Zanaldi-Silvia-1536x1024.jpg 1536w, https:\/\/fiaf.net\/veneto\/wp-content\/uploads\/sites\/7\/2025\/01\/RF24-Rovolon-Fotografia-13-2-Zanaldi-Silvia-2048x1365.jpg 2048w\" sizes=\"auto, (max-width: 300px) 100vw, 300px\" \/><\/a>\n\t\t\t<\/div><\/figure><figure class='gallery-item'>\n\t\t\t<div class='gallery-icon landscape'>\n\t\t\t\t<a href='https:\/\/fiaf.net\/veneto\/rf24-rovolon-fotografia-gli-autori-12-22\/rf24-rovolon-fotografia-13-3-zanaldi-silvia\/'><img loading=\"lazy\" decoding=\"async\" width=\"300\" height=\"200\" src=\"https:\/\/fiaf.net\/veneto\/wp-content\/uploads\/sites\/7\/2025\/01\/RF24-Rovolon-Fotografia-13-3-Zanaldi-Silvia-300x200.jpg\" class=\"attachment-medium size-medium\" alt=\"\" srcset=\"https:\/\/fiaf.net\/veneto\/wp-content\/uploads\/sites\/7\/2025\/01\/RF24-Rovolon-Fotografia-13-3-Zanaldi-Silvia-300x200.jpg 300w, https:\/\/fiaf.net\/veneto\/wp-content\/uploads\/sites\/7\/2025\/01\/RF24-Rovolon-Fotografia-13-3-Zanaldi-Silvia-1024x683.jpg 1024w, https:\/\/fiaf.net\/veneto\/wp-content\/uploads\/sites\/7\/2025\/01\/RF24-Rovolon-Fotografia-13-3-Zanaldi-Silvia-768x512.jpg 768w, https:\/\/fiaf.net\/veneto\/wp-content\/uploads\/sites\/7\/2025\/01\/RF24-Rovolon-Fotografia-13-3-Zanaldi-Silvia-1536x1024.jpg 1536w, https:\/\/fiaf.net\/veneto\/wp-content\/uploads\/sites\/7\/2025\/01\/RF24-Rovolon-Fotografia-13-3-Zanaldi-Silvia-2048x1365.jpg 2048w\" sizes=\"auto, (max-width: 300px) 100vw, 300px\" \/><\/a>\n\t\t\t<\/div><\/figure>\n\t\t<\/div>\n\n<hr \/>\n<h3>Rosario DE BIASI <img loading=\"lazy\" decoding=\"async\" class=\"alignnone wp-image-17410\" src=\"https:\/\/fiaf.net\/veneto\/wp-content\/uploads\/sites\/7\/2025\/01\/LOGO-FIAF-ETS_120px.jpg\" alt=\"\" width=\"30\" height=\"34\" \/><\/h3>\n<p>Scorci di Toscana<\/p>\n<p>Quando le Persone e la Natura si guardano negli occhi e si parlano, lo spettacolo \u00e8 sempre un capolavoro che riempie gli occhi e il cuore di stupore.<br \/>\nQuando le Persone vogliono sottomettere la Natura, Lei, dando qualche segno di preavviso, fa capire che questo non \u00e8 possibile.<br \/>\nAmmiriamo e rispettiamo la Natura.<\/p>\n<p>&nbsp;<\/p>\n<div id='gallery-3' class='gallery galleryid-17358 gallery-columns-3 gallery-size-medium'><figure class='gallery-item'>\n\t\t\t<div class='gallery-icon landscape'>\n\t\t\t\t<a href='https:\/\/fiaf.net\/veneto\/rf24-rovolon-fotografia-gli-autori-12-22\/rf24-rovolon-fotografia-14-1-de-blasi-rosario\/'><img loading=\"lazy\" decoding=\"async\" width=\"300\" height=\"300\" src=\"https:\/\/fiaf.net\/veneto\/wp-content\/uploads\/sites\/7\/2025\/01\/RF24-Rovolon-Fotografia-14-1-De-Blasi-Rosario-300x300.jpg\" class=\"attachment-medium size-medium\" alt=\"\" srcset=\"https:\/\/fiaf.net\/veneto\/wp-content\/uploads\/sites\/7\/2025\/01\/RF24-Rovolon-Fotografia-14-1-De-Blasi-Rosario-300x300.jpg 300w, https:\/\/fiaf.net\/veneto\/wp-content\/uploads\/sites\/7\/2025\/01\/RF24-Rovolon-Fotografia-14-1-De-Blasi-Rosario-1024x1024.jpg 1024w, https:\/\/fiaf.net\/veneto\/wp-content\/uploads\/sites\/7\/2025\/01\/RF24-Rovolon-Fotografia-14-1-De-Blasi-Rosario-150x150.jpg 150w, https:\/\/fiaf.net\/veneto\/wp-content\/uploads\/sites\/7\/2025\/01\/RF24-Rovolon-Fotografia-14-1-De-Blasi-Rosario-768x768.jpg 768w, https:\/\/fiaf.net\/veneto\/wp-content\/uploads\/sites\/7\/2025\/01\/RF24-Rovolon-Fotografia-14-1-De-Blasi-Rosario.jpg 1500w\" sizes=\"auto, (max-width: 300px) 100vw, 300px\" \/><\/a>\n\t\t\t<\/div><\/figure><figure class='gallery-item'>\n\t\t\t<div class='gallery-icon landscape'>\n\t\t\t\t<a href='https:\/\/fiaf.net\/veneto\/rf24-rovolon-fotografia-gli-autori-12-22\/rf24-rovolon-fotografia-14-2-de-blasi-rosario\/'><img loading=\"lazy\" decoding=\"async\" width=\"300\" height=\"300\" src=\"https:\/\/fiaf.net\/veneto\/wp-content\/uploads\/sites\/7\/2025\/01\/RF24-Rovolon-Fotografia-14-2-De-Blasi-Rosario-300x300.jpg\" class=\"attachment-medium size-medium\" alt=\"\" srcset=\"https:\/\/fiaf.net\/veneto\/wp-content\/uploads\/sites\/7\/2025\/01\/RF24-Rovolon-Fotografia-14-2-De-Blasi-Rosario-300x300.jpg 300w, https:\/\/fiaf.net\/veneto\/wp-content\/uploads\/sites\/7\/2025\/01\/RF24-Rovolon-Fotografia-14-2-De-Blasi-Rosario-1024x1024.jpg 1024w, https:\/\/fiaf.net\/veneto\/wp-content\/uploads\/sites\/7\/2025\/01\/RF24-Rovolon-Fotografia-14-2-De-Blasi-Rosario-150x150.jpg 150w, https:\/\/fiaf.net\/veneto\/wp-content\/uploads\/sites\/7\/2025\/01\/RF24-Rovolon-Fotografia-14-2-De-Blasi-Rosario-768x768.jpg 768w, https:\/\/fiaf.net\/veneto\/wp-content\/uploads\/sites\/7\/2025\/01\/RF24-Rovolon-Fotografia-14-2-De-Blasi-Rosario.jpg 1400w\" sizes=\"auto, (max-width: 300px) 100vw, 300px\" \/><\/a>\n\t\t\t<\/div><\/figure><figure class='gallery-item'>\n\t\t\t<div class='gallery-icon landscape'>\n\t\t\t\t<a href='https:\/\/fiaf.net\/veneto\/rf24-rovolon-fotografia-gli-autori-12-22\/rf24-rovolon-fotografia-14-3-de-blasi-rosario\/'><img loading=\"lazy\" decoding=\"async\" width=\"300\" height=\"300\" src=\"https:\/\/fiaf.net\/veneto\/wp-content\/uploads\/sites\/7\/2025\/01\/RF24-Rovolon-Fotografia-14-3-De-Blasi-Rosario-300x300.jpg\" class=\"attachment-medium size-medium\" alt=\"\" srcset=\"https:\/\/fiaf.net\/veneto\/wp-content\/uploads\/sites\/7\/2025\/01\/RF24-Rovolon-Fotografia-14-3-De-Blasi-Rosario-300x300.jpg 300w, https:\/\/fiaf.net\/veneto\/wp-content\/uploads\/sites\/7\/2025\/01\/RF24-Rovolon-Fotografia-14-3-De-Blasi-Rosario-1024x1024.jpg 1024w, https:\/\/fiaf.net\/veneto\/wp-content\/uploads\/sites\/7\/2025\/01\/RF24-Rovolon-Fotografia-14-3-De-Blasi-Rosario-150x150.jpg 150w, https:\/\/fiaf.net\/veneto\/wp-content\/uploads\/sites\/7\/2025\/01\/RF24-Rovolon-Fotografia-14-3-De-Blasi-Rosario-768x768.jpg 768w, https:\/\/fiaf.net\/veneto\/wp-content\/uploads\/sites\/7\/2025\/01\/RF24-Rovolon-Fotografia-14-3-De-Blasi-Rosario.jpg 1400w\" sizes=\"auto, (max-width: 300px) 100vw, 300px\" \/><\/a>\n\t\t\t<\/div><\/figure>\n\t\t<\/div>\n\n<hr \/>\n<h3>Marzio Filippo MINORELLO <img loading=\"lazy\" decoding=\"async\" class=\"alignnone wp-image-17410\" src=\"https:\/\/fiaf.net\/veneto\/wp-content\/uploads\/sites\/7\/2025\/01\/LOGO-FIAF-ETS_120px.jpg\" alt=\"\" width=\"30\" height=\"34\" \/><\/h3>\n<p>VENTIQUATTRO NODI<\/p>\n<p>BARCOLANA 09\/10\/2016 Trieste<br \/>\nLa Barcolana, il cui nome completo \u00e8 \u201cRegata Coppa d\u2019Autunno Barcolana\u201d, \u00e8 una storica regata velica internazionale che si tiene ogni anno nel Golfo di Trieste la seconda domenica di ottobre.<br \/>\n\u00c8 anche nota per essere una delle regate con pi\u00f9 partecipanti al Mondo.<br \/>\nIl vento di Bora che soffiava il 9 Ottobre del 2016 sul golfo di Trieste, tra i 15 e i 25 nodi, ha spinto gli organizzatori a posticipare di un\u2019ora la partenza.<br \/>\nLa Barcolana \u00e8 un evento che ben rappresenta lo spirito della vela e i valori dello sport, e in questa 48\u00b0 edizione le barche iscritte erano 1758 per un numero di 25.000 velisti impegnati.<br \/>\nHo avuto la possibilit\u00e0 di partecipare a questa edizione della Barcolana come ospite e fotografo. Il giorno prima della regata, ho effettuato un servizio fotografico per l\u2019equipaggio del Moro di Venezia, che a sua volta partecipava alla competizione.<br \/>\nIl giorno della regata, dalla barca a vela dove ero ospite, ho potuto documentare e vivere questa esperienza indimenticabile, raccontando quello che succedeva a bordo e quello che ci circondava nel meraviglioso Golfo di Trieste, dove le vele si perdevano a vista d\u2019occhio.<br \/>\nSicuramente, un\u2019esperienza da ripetere, augurandosi che la Bora sia ancora presente come nell\u2019edizione del 2016.<\/p>\n<div id='gallery-4' class='gallery galleryid-17358 gallery-columns-3 gallery-size-medium'><figure class='gallery-item'>\n\t\t\t<div class='gallery-icon landscape'>\n\t\t\t\t<a href='https:\/\/fiaf.net\/veneto\/rf24-rovolon-fotografia-gli-autori-12-22\/rf24-rovolon-fotografia-15-1-marzio-filippo-minorello_-dscf5723_ventiquattro-nodi\/'><img loading=\"lazy\" decoding=\"async\" width=\"300\" height=\"200\" src=\"https:\/\/fiaf.net\/veneto\/wp-content\/uploads\/sites\/7\/2025\/01\/RF24-Rovolon-Fotografia-15-1-Marzio-Filippo-Minorello_-DSCF5723_Ventiquattro-Nodi-300x200.jpg\" class=\"attachment-medium size-medium\" alt=\"\" srcset=\"https:\/\/fiaf.net\/veneto\/wp-content\/uploads\/sites\/7\/2025\/01\/RF24-Rovolon-Fotografia-15-1-Marzio-Filippo-Minorello_-DSCF5723_Ventiquattro-Nodi-300x200.jpg 300w, https:\/\/fiaf.net\/veneto\/wp-content\/uploads\/sites\/7\/2025\/01\/RF24-Rovolon-Fotografia-15-1-Marzio-Filippo-Minorello_-DSCF5723_Ventiquattro-Nodi-1024x683.jpg 1024w, https:\/\/fiaf.net\/veneto\/wp-content\/uploads\/sites\/7\/2025\/01\/RF24-Rovolon-Fotografia-15-1-Marzio-Filippo-Minorello_-DSCF5723_Ventiquattro-Nodi-768x512.jpg 768w, https:\/\/fiaf.net\/veneto\/wp-content\/uploads\/sites\/7\/2025\/01\/RF24-Rovolon-Fotografia-15-1-Marzio-Filippo-Minorello_-DSCF5723_Ventiquattro-Nodi-1536x1024.jpg 1536w, https:\/\/fiaf.net\/veneto\/wp-content\/uploads\/sites\/7\/2025\/01\/RF24-Rovolon-Fotografia-15-1-Marzio-Filippo-Minorello_-DSCF5723_Ventiquattro-Nodi-2048x1366.jpg 2048w\" sizes=\"auto, (max-width: 300px) 100vw, 300px\" \/><\/a>\n\t\t\t<\/div><\/figure><figure class='gallery-item'>\n\t\t\t<div class='gallery-icon landscape'>\n\t\t\t\t<a href='https:\/\/fiaf.net\/veneto\/rf24-rovolon-fotografia-gli-autori-12-22\/rf24-rovolon-fotografia-15-2-marzio-filippo-minorello_dscf5410_ventiquattro-nodi\/'><img loading=\"lazy\" decoding=\"async\" width=\"300\" height=\"200\" src=\"https:\/\/fiaf.net\/veneto\/wp-content\/uploads\/sites\/7\/2025\/01\/RF24-Rovolon-Fotografia-15-2-Marzio-Filippo-Minorello_DSCF5410_Ventiquattro-Nodi-300x200.jpg\" class=\"attachment-medium size-medium\" alt=\"\" srcset=\"https:\/\/fiaf.net\/veneto\/wp-content\/uploads\/sites\/7\/2025\/01\/RF24-Rovolon-Fotografia-15-2-Marzio-Filippo-Minorello_DSCF5410_Ventiquattro-Nodi-300x200.jpg 300w, https:\/\/fiaf.net\/veneto\/wp-content\/uploads\/sites\/7\/2025\/01\/RF24-Rovolon-Fotografia-15-2-Marzio-Filippo-Minorello_DSCF5410_Ventiquattro-Nodi-1024x683.jpg 1024w, https:\/\/fiaf.net\/veneto\/wp-content\/uploads\/sites\/7\/2025\/01\/RF24-Rovolon-Fotografia-15-2-Marzio-Filippo-Minorello_DSCF5410_Ventiquattro-Nodi-768x512.jpg 768w, https:\/\/fiaf.net\/veneto\/wp-content\/uploads\/sites\/7\/2025\/01\/RF24-Rovolon-Fotografia-15-2-Marzio-Filippo-Minorello_DSCF5410_Ventiquattro-Nodi-1536x1024.jpg 1536w, https:\/\/fiaf.net\/veneto\/wp-content\/uploads\/sites\/7\/2025\/01\/RF24-Rovolon-Fotografia-15-2-Marzio-Filippo-Minorello_DSCF5410_Ventiquattro-Nodi-2048x1366.jpg 2048w\" sizes=\"auto, (max-width: 300px) 100vw, 300px\" \/><\/a>\n\t\t\t<\/div><\/figure><figure class='gallery-item'>\n\t\t\t<div class='gallery-icon landscape'>\n\t\t\t\t<a href='https:\/\/fiaf.net\/veneto\/rf24-rovolon-fotografia-gli-autori-12-22\/rf24-rovolon-fotografia-15-3-marzio-filippo-minorello_dscf5570_ventiquattro-nodi\/'><img loading=\"lazy\" decoding=\"async\" width=\"300\" height=\"200\" src=\"https:\/\/fiaf.net\/veneto\/wp-content\/uploads\/sites\/7\/2025\/01\/RF24-Rovolon-Fotografia-15-3-Marzio-Filippo-Minorello_DSCF5570_Ventiquattro-Nodi-300x200.jpg\" class=\"attachment-medium size-medium\" alt=\"\" srcset=\"https:\/\/fiaf.net\/veneto\/wp-content\/uploads\/sites\/7\/2025\/01\/RF24-Rovolon-Fotografia-15-3-Marzio-Filippo-Minorello_DSCF5570_Ventiquattro-Nodi-300x200.jpg 300w, https:\/\/fiaf.net\/veneto\/wp-content\/uploads\/sites\/7\/2025\/01\/RF24-Rovolon-Fotografia-15-3-Marzio-Filippo-Minorello_DSCF5570_Ventiquattro-Nodi-1024x682.jpg 1024w, https:\/\/fiaf.net\/veneto\/wp-content\/uploads\/sites\/7\/2025\/01\/RF24-Rovolon-Fotografia-15-3-Marzio-Filippo-Minorello_DSCF5570_Ventiquattro-Nodi-768x512.jpg 768w, https:\/\/fiaf.net\/veneto\/wp-content\/uploads\/sites\/7\/2025\/01\/RF24-Rovolon-Fotografia-15-3-Marzio-Filippo-Minorello_DSCF5570_Ventiquattro-Nodi-1536x1024.jpg 1536w, https:\/\/fiaf.net\/veneto\/wp-content\/uploads\/sites\/7\/2025\/01\/RF24-Rovolon-Fotografia-15-3-Marzio-Filippo-Minorello_DSCF5570_Ventiquattro-Nodi-2048x1365.jpg 2048w\" sizes=\"auto, (max-width: 300px) 100vw, 300px\" \/><\/a>\n\t\t\t<\/div><\/figure>\n\t\t<\/div>\n\n<hr \/>\n<h3>Sonia PIOVESAN <img loading=\"lazy\" decoding=\"async\" class=\"alignnone wp-image-17410\" src=\"https:\/\/fiaf.net\/veneto\/wp-content\/uploads\/sites\/7\/2025\/01\/LOGO-FIAF-ETS_120px.jpg\" alt=\"\" width=\"30\" height=\"34\" \/><\/h3>\n<p><strong>BRUMA INVERNALE<\/strong><\/p>\n<p>In una sera d&#8217;inverno, nel momento del tramonto, in una campagna a me familiare, mi imbatto nella fredda bruma sospesa a mezz&#8217;aria.<br \/>\nLa visione si presenta a strati: il sopra pi\u00f9 rarefatto, il sotto pi\u00f9 evidente; la fascia di foschia cela ci\u00f2 che si trova nel mezzo.<br \/>\nCresce il mistero.<\/p>\n<div id='gallery-5' class='gallery galleryid-17358 gallery-columns-3 gallery-size-medium'><figure class='gallery-item'>\n\t\t\t<div class='gallery-icon landscape'>\n\t\t\t\t<a href='https:\/\/fiaf.net\/veneto\/rf24-rovolon-fotografia-gli-autori-12-22\/rf24-rovolon-fotografia-16-1-piovesan-sonia\/'><img loading=\"lazy\" decoding=\"async\" width=\"300\" height=\"200\" src=\"https:\/\/fiaf.net\/veneto\/wp-content\/uploads\/sites\/7\/2025\/01\/RF24-Rovolon-Fotografia-16-1-Piovesan-Sonia-300x200.jpg\" class=\"attachment-medium size-medium\" alt=\"\" srcset=\"https:\/\/fiaf.net\/veneto\/wp-content\/uploads\/sites\/7\/2025\/01\/RF24-Rovolon-Fotografia-16-1-Piovesan-Sonia-300x200.jpg 300w, https:\/\/fiaf.net\/veneto\/wp-content\/uploads\/sites\/7\/2025\/01\/RF24-Rovolon-Fotografia-16-1-Piovesan-Sonia-1024x683.jpg 1024w, https:\/\/fiaf.net\/veneto\/wp-content\/uploads\/sites\/7\/2025\/01\/RF24-Rovolon-Fotografia-16-1-Piovesan-Sonia-768x512.jpg 768w, https:\/\/fiaf.net\/veneto\/wp-content\/uploads\/sites\/7\/2025\/01\/RF24-Rovolon-Fotografia-16-1-Piovesan-Sonia-1536x1024.jpg 1536w, https:\/\/fiaf.net\/veneto\/wp-content\/uploads\/sites\/7\/2025\/01\/RF24-Rovolon-Fotografia-16-1-Piovesan-Sonia-2048x1366.jpg 2048w\" sizes=\"auto, (max-width: 300px) 100vw, 300px\" \/><\/a>\n\t\t\t<\/div><\/figure><figure class='gallery-item'>\n\t\t\t<div class='gallery-icon portrait'>\n\t\t\t\t<a href='https:\/\/fiaf.net\/veneto\/rf24-rovolon-fotografia-gli-autori-12-22\/rf24-rovolon-fotografia-16-2-piovesan-sonia\/'><img loading=\"lazy\" decoding=\"async\" width=\"200\" height=\"300\" src=\"https:\/\/fiaf.net\/veneto\/wp-content\/uploads\/sites\/7\/2025\/01\/RF24-Rovolon-Fotografia-16-2-Piovesan-Sonia-200x300.jpg\" class=\"attachment-medium size-medium\" alt=\"\" srcset=\"https:\/\/fiaf.net\/veneto\/wp-content\/uploads\/sites\/7\/2025\/01\/RF24-Rovolon-Fotografia-16-2-Piovesan-Sonia-200x300.jpg 200w, https:\/\/fiaf.net\/veneto\/wp-content\/uploads\/sites\/7\/2025\/01\/RF24-Rovolon-Fotografia-16-2-Piovesan-Sonia-683x1024.jpg 683w, https:\/\/fiaf.net\/veneto\/wp-content\/uploads\/sites\/7\/2025\/01\/RF24-Rovolon-Fotografia-16-2-Piovesan-Sonia-768x1152.jpg 768w, https:\/\/fiaf.net\/veneto\/wp-content\/uploads\/sites\/7\/2025\/01\/RF24-Rovolon-Fotografia-16-2-Piovesan-Sonia-1024x1536.jpg 1024w, https:\/\/fiaf.net\/veneto\/wp-content\/uploads\/sites\/7\/2025\/01\/RF24-Rovolon-Fotografia-16-2-Piovesan-Sonia-1365x2048.jpg 1365w, https:\/\/fiaf.net\/veneto\/wp-content\/uploads\/sites\/7\/2025\/01\/RF24-Rovolon-Fotografia-16-2-Piovesan-Sonia.jpg 1667w\" sizes=\"auto, (max-width: 200px) 100vw, 200px\" \/><\/a>\n\t\t\t<\/div><\/figure><figure class='gallery-item'>\n\t\t\t<div class='gallery-icon landscape'>\n\t\t\t\t<a href='https:\/\/fiaf.net\/veneto\/rf24-rovolon-fotografia-gli-autori-12-22\/rf24-rovolon-fotografia-16-3-piovesan-sonia\/'><img loading=\"lazy\" decoding=\"async\" width=\"300\" height=\"200\" src=\"https:\/\/fiaf.net\/veneto\/wp-content\/uploads\/sites\/7\/2025\/01\/RF24-Rovolon-Fotografia-16-3-Piovesan-Sonia-300x200.jpg\" class=\"attachment-medium size-medium\" alt=\"\" srcset=\"https:\/\/fiaf.net\/veneto\/wp-content\/uploads\/sites\/7\/2025\/01\/RF24-Rovolon-Fotografia-16-3-Piovesan-Sonia-300x200.jpg 300w, https:\/\/fiaf.net\/veneto\/wp-content\/uploads\/sites\/7\/2025\/01\/RF24-Rovolon-Fotografia-16-3-Piovesan-Sonia-1024x683.jpg 1024w, https:\/\/fiaf.net\/veneto\/wp-content\/uploads\/sites\/7\/2025\/01\/RF24-Rovolon-Fotografia-16-3-Piovesan-Sonia-768x512.jpg 768w, https:\/\/fiaf.net\/veneto\/wp-content\/uploads\/sites\/7\/2025\/01\/RF24-Rovolon-Fotografia-16-3-Piovesan-Sonia-1536x1024.jpg 1536w, https:\/\/fiaf.net\/veneto\/wp-content\/uploads\/sites\/7\/2025\/01\/RF24-Rovolon-Fotografia-16-3-Piovesan-Sonia-2048x1366.jpg 2048w\" sizes=\"auto, (max-width: 300px) 100vw, 300px\" \/><\/a>\n\t\t\t<\/div><\/figure>\n\t\t<\/div>\n\n<hr \/>\n<h3><strong>Pierluigi LUCIETTO<\/strong><\/h3>\n<p><strong>MOVIMENTI, danza e folclore<\/strong><\/p>\n<p>A Ferrara nel 2008 si \u00e8 tenuta un\u2019importante manifestazione dedicata alla danza ed al folclore; per l\u2019occasione, molte le esibizioni di gruppi e scuole di ballo in programma; ho scelto di rappresentarla con immagini di movimento, rafforzandone la dinamicit\u00e0 con una tecnica forse inusuale, una particolare elaborazione in post produzione, come se l\u2019avessi \u201cdisegnata\u201d sul posto.<\/p>\n<div id='gallery-6' class='gallery galleryid-17358 gallery-columns-3 gallery-size-medium'><figure class='gallery-item'>\n\t\t\t<div class='gallery-icon landscape'>\n\t\t\t\t<a href='https:\/\/fiaf.net\/veneto\/rf24-rovolon-fotografia-gli-autori-12-22\/sony-dsc-7\/'><img loading=\"lazy\" decoding=\"async\" width=\"300\" height=\"200\" src=\"https:\/\/fiaf.net\/veneto\/wp-content\/uploads\/sites\/7\/2025\/01\/RF24-Rovolon-Fotografia-17-1-Pierluigi-Lucietto-300x200.jpg\" class=\"attachment-medium size-medium\" alt=\"\" srcset=\"https:\/\/fiaf.net\/veneto\/wp-content\/uploads\/sites\/7\/2025\/01\/RF24-Rovolon-Fotografia-17-1-Pierluigi-Lucietto-300x200.jpg 300w, https:\/\/fiaf.net\/veneto\/wp-content\/uploads\/sites\/7\/2025\/01\/RF24-Rovolon-Fotografia-17-1-Pierluigi-Lucietto-1024x681.jpg 1024w, https:\/\/fiaf.net\/veneto\/wp-content\/uploads\/sites\/7\/2025\/01\/RF24-Rovolon-Fotografia-17-1-Pierluigi-Lucietto-768x511.jpg 768w, https:\/\/fiaf.net\/veneto\/wp-content\/uploads\/sites\/7\/2025\/01\/RF24-Rovolon-Fotografia-17-1-Pierluigi-Lucietto-1536x1022.jpg 1536w, https:\/\/fiaf.net\/veneto\/wp-content\/uploads\/sites\/7\/2025\/01\/RF24-Rovolon-Fotografia-17-1-Pierluigi-Lucietto-2048x1362.jpg 2048w\" sizes=\"auto, (max-width: 300px) 100vw, 300px\" \/><\/a>\n\t\t\t<\/div><\/figure><figure class='gallery-item'>\n\t\t\t<div class='gallery-icon landscape'>\n\t\t\t\t<a href='https:\/\/fiaf.net\/veneto\/rf24-rovolon-fotografia-gli-autori-12-22\/sony-dsc-8\/'><img loading=\"lazy\" decoding=\"async\" width=\"300\" height=\"200\" src=\"https:\/\/fiaf.net\/veneto\/wp-content\/uploads\/sites\/7\/2025\/01\/RF24-Rovolon-Fotografia-17-2-Pierluigi-Lucietto-300x200.jpg\" class=\"attachment-medium size-medium\" alt=\"\" srcset=\"https:\/\/fiaf.net\/veneto\/wp-content\/uploads\/sites\/7\/2025\/01\/RF24-Rovolon-Fotografia-17-2-Pierluigi-Lucietto-300x200.jpg 300w, https:\/\/fiaf.net\/veneto\/wp-content\/uploads\/sites\/7\/2025\/01\/RF24-Rovolon-Fotografia-17-2-Pierluigi-Lucietto-1024x681.jpg 1024w, https:\/\/fiaf.net\/veneto\/wp-content\/uploads\/sites\/7\/2025\/01\/RF24-Rovolon-Fotografia-17-2-Pierluigi-Lucietto-768x511.jpg 768w, https:\/\/fiaf.net\/veneto\/wp-content\/uploads\/sites\/7\/2025\/01\/RF24-Rovolon-Fotografia-17-2-Pierluigi-Lucietto-1536x1022.jpg 1536w, https:\/\/fiaf.net\/veneto\/wp-content\/uploads\/sites\/7\/2025\/01\/RF24-Rovolon-Fotografia-17-2-Pierluigi-Lucietto-2048x1362.jpg 2048w\" sizes=\"auto, (max-width: 300px) 100vw, 300px\" \/><\/a>\n\t\t\t<\/div><\/figure><figure class='gallery-item'>\n\t\t\t<div class='gallery-icon landscape'>\n\t\t\t\t<a href='https:\/\/fiaf.net\/veneto\/rf24-rovolon-fotografia-gli-autori-12-22\/sony-dsc-9\/'><img loading=\"lazy\" decoding=\"async\" width=\"300\" height=\"200\" src=\"https:\/\/fiaf.net\/veneto\/wp-content\/uploads\/sites\/7\/2025\/01\/RF24-Rovolon-Fotografia-17-3-Pierluigi-Lucietto-300x200.jpg\" class=\"attachment-medium size-medium\" alt=\"\" srcset=\"https:\/\/fiaf.net\/veneto\/wp-content\/uploads\/sites\/7\/2025\/01\/RF24-Rovolon-Fotografia-17-3-Pierluigi-Lucietto-300x200.jpg 300w, https:\/\/fiaf.net\/veneto\/wp-content\/uploads\/sites\/7\/2025\/01\/RF24-Rovolon-Fotografia-17-3-Pierluigi-Lucietto-1024x681.jpg 1024w, https:\/\/fiaf.net\/veneto\/wp-content\/uploads\/sites\/7\/2025\/01\/RF24-Rovolon-Fotografia-17-3-Pierluigi-Lucietto-768x511.jpg 768w, https:\/\/fiaf.net\/veneto\/wp-content\/uploads\/sites\/7\/2025\/01\/RF24-Rovolon-Fotografia-17-3-Pierluigi-Lucietto-1536x1022.jpg 1536w, https:\/\/fiaf.net\/veneto\/wp-content\/uploads\/sites\/7\/2025\/01\/RF24-Rovolon-Fotografia-17-3-Pierluigi-Lucietto-2048x1362.jpg 2048w\" sizes=\"auto, (max-width: 300px) 100vw, 300px\" \/><\/a>\n\t\t\t<\/div><\/figure>\n\t\t<\/div>\n\n<hr \/>\n<h3>Dario TODESCO <img loading=\"lazy\" decoding=\"async\" class=\"alignnone wp-image-17410\" src=\"https:\/\/fiaf.net\/veneto\/wp-content\/uploads\/sites\/7\/2025\/01\/LOGO-FIAF-ETS_120px.jpg\" alt=\"\" width=\"30\" height=\"34\" \/><\/h3>\n<p>Atmosfere antiche<\/p>\n<p>Questa bottega storica artigianale di restauro mobili di Vicenza \u00e8 gestita da Lorenzo e Renato che lavorano a regola d\u2019arte con metodologie antiche (es. lucidatura con gomma lacca a tampone, intarsio, ecc.)<br \/>\nAd uno sguardo distratto questo luogo pu\u00f2 apparire un luogo disordinato e polveroso, ma tanti particolari fanno emergere un ricco vissuto e la passione che anima gli artigiani che svolgono questa attivit\u00e0: il tutto crea un\u2019atmosfera d\u2019altri tempi molto affascinante.<\/p>\n<div id='gallery-7' class='gallery galleryid-17358 gallery-columns-3 gallery-size-medium'><figure class='gallery-item'>\n\t\t\t<div class='gallery-icon landscape'>\n\t\t\t\t<a href='https:\/\/fiaf.net\/veneto\/rf24-rovolon-fotografia-gli-autori-12-22\/rf24-rovolon-fotografia-18-1-todesco-dario\/'><img loading=\"lazy\" decoding=\"async\" width=\"300\" height=\"200\" src=\"https:\/\/fiaf.net\/veneto\/wp-content\/uploads\/sites\/7\/2025\/01\/RF24-Rovolon-Fotografia-18-1-Todesco-Dario-300x200.jpg\" class=\"attachment-medium size-medium\" alt=\"\" srcset=\"https:\/\/fiaf.net\/veneto\/wp-content\/uploads\/sites\/7\/2025\/01\/RF24-Rovolon-Fotografia-18-1-Todesco-Dario-300x200.jpg 300w, https:\/\/fiaf.net\/veneto\/wp-content\/uploads\/sites\/7\/2025\/01\/RF24-Rovolon-Fotografia-18-1-Todesco-Dario-1024x683.jpg 1024w, https:\/\/fiaf.net\/veneto\/wp-content\/uploads\/sites\/7\/2025\/01\/RF24-Rovolon-Fotografia-18-1-Todesco-Dario-768x512.jpg 768w, https:\/\/fiaf.net\/veneto\/wp-content\/uploads\/sites\/7\/2025\/01\/RF24-Rovolon-Fotografia-18-1-Todesco-Dario-1536x1024.jpg 1536w, https:\/\/fiaf.net\/veneto\/wp-content\/uploads\/sites\/7\/2025\/01\/RF24-Rovolon-Fotografia-18-1-Todesco-Dario-2048x1366.jpg 2048w\" sizes=\"auto, (max-width: 300px) 100vw, 300px\" \/><\/a>\n\t\t\t<\/div><\/figure><figure class='gallery-item'>\n\t\t\t<div class='gallery-icon landscape'>\n\t\t\t\t<a href='https:\/\/fiaf.net\/veneto\/rf24-rovolon-fotografia-gli-autori-12-22\/rf24-rovolon-fotografia-18-2-todesco-dario\/'><img loading=\"lazy\" decoding=\"async\" width=\"300\" height=\"200\" src=\"https:\/\/fiaf.net\/veneto\/wp-content\/uploads\/sites\/7\/2025\/01\/RF24-Rovolon-Fotografia-18-2-Todesco-Dario-300x200.jpg\" class=\"attachment-medium size-medium\" alt=\"\" srcset=\"https:\/\/fiaf.net\/veneto\/wp-content\/uploads\/sites\/7\/2025\/01\/RF24-Rovolon-Fotografia-18-2-Todesco-Dario-300x200.jpg 300w, https:\/\/fiaf.net\/veneto\/wp-content\/uploads\/sites\/7\/2025\/01\/RF24-Rovolon-Fotografia-18-2-Todesco-Dario-1024x683.jpg 1024w, https:\/\/fiaf.net\/veneto\/wp-content\/uploads\/sites\/7\/2025\/01\/RF24-Rovolon-Fotografia-18-2-Todesco-Dario-768x512.jpg 768w, https:\/\/fiaf.net\/veneto\/wp-content\/uploads\/sites\/7\/2025\/01\/RF24-Rovolon-Fotografia-18-2-Todesco-Dario-1536x1024.jpg 1536w, https:\/\/fiaf.net\/veneto\/wp-content\/uploads\/sites\/7\/2025\/01\/RF24-Rovolon-Fotografia-18-2-Todesco-Dario-2048x1366.jpg 2048w\" sizes=\"auto, (max-width: 300px) 100vw, 300px\" \/><\/a>\n\t\t\t<\/div><\/figure><figure class='gallery-item'>\n\t\t\t<div class='gallery-icon landscape'>\n\t\t\t\t<a href='https:\/\/fiaf.net\/veneto\/rf24-rovolon-fotografia-gli-autori-12-22\/rf24-rovolon-fotografia-18-3-todesco-dario\/'><img loading=\"lazy\" decoding=\"async\" width=\"300\" height=\"200\" src=\"https:\/\/fiaf.net\/veneto\/wp-content\/uploads\/sites\/7\/2025\/01\/RF24-Rovolon-Fotografia-18-3-Todesco-Dario-300x200.jpg\" class=\"attachment-medium size-medium\" alt=\"\" srcset=\"https:\/\/fiaf.net\/veneto\/wp-content\/uploads\/sites\/7\/2025\/01\/RF24-Rovolon-Fotografia-18-3-Todesco-Dario-300x200.jpg 300w, https:\/\/fiaf.net\/veneto\/wp-content\/uploads\/sites\/7\/2025\/01\/RF24-Rovolon-Fotografia-18-3-Todesco-Dario-1024x683.jpg 1024w, https:\/\/fiaf.net\/veneto\/wp-content\/uploads\/sites\/7\/2025\/01\/RF24-Rovolon-Fotografia-18-3-Todesco-Dario-768x512.jpg 768w, https:\/\/fiaf.net\/veneto\/wp-content\/uploads\/sites\/7\/2025\/01\/RF24-Rovolon-Fotografia-18-3-Todesco-Dario-1536x1024.jpg 1536w, https:\/\/fiaf.net\/veneto\/wp-content\/uploads\/sites\/7\/2025\/01\/RF24-Rovolon-Fotografia-18-3-Todesco-Dario-2048x1366.jpg 2048w\" sizes=\"auto, (max-width: 300px) 100vw, 300px\" \/><\/a>\n\t\t\t<\/div><\/figure>\n\t\t<\/div>\n\n<hr \/>\n<h3>Sandra FURLAN<\/h3>\n<p><em><strong>Allontaniamoci per un istante dallo stereotipo della bellezza della natura<\/strong><\/em><br \/>\n<em><strong>Abbandoniamo il senso di meraviglia che induce un paesaggio sconfinato<\/strong><\/em><br \/>\n<em><strong>le facili emozioni di una esistenza fortunata<\/strong><\/em><\/p>\n<p><em><strong>Cosa stiamo osservando?<\/strong><\/em><\/p>\n<p><em><strong>Una condizione di perdizione o di ritrovamento spirituale?<\/strong><\/em><br \/>\n<em><strong>Una metafora di morte o di divina bellezza?<\/strong><\/em><br \/>\n<em><strong>Orizzonti vicini o lontani miraggi?<\/strong><\/em><br \/>\n<em><strong>Stiamo cercando un riparo o fuggendo da qualcosa?<\/strong><\/em><br \/>\n<em><strong>Siamo spettatori o intrusi?<\/strong><\/em><\/p>\n<p>L\u2019effetto di straniamento \u00e8 l\u2019atteggiamento scettico che sta alla base della ricerca scientifica, del dubbio cartesiano, della necessit\u00e0 della verifica galileiana, permette di trovare sorprendente anche ci\u00f2 che appare naturale, e di sopprimere falsi emozioni e pensieri. (www.lacittafutura.it\/)<\/p>\n<p><strong>GHOSTS. <\/strong><br \/>\n<strong>Giordania 2023.<\/strong><\/p>\n<div id='gallery-8' class='gallery galleryid-17358 gallery-columns-3 gallery-size-medium'><figure class='gallery-item'>\n\t\t\t<div class='gallery-icon portrait'>\n\t\t\t\t<a href='https:\/\/fiaf.net\/veneto\/rf24-rovolon-fotografia-gli-autori-12-22\/rf24-rovolon-fotografia-19-1-furlan-sandra\/'><img loading=\"lazy\" decoding=\"async\" width=\"212\" height=\"300\" src=\"https:\/\/fiaf.net\/veneto\/wp-content\/uploads\/sites\/7\/2025\/01\/RF24-Rovolon-Fotografia-19-1-Furlan-Sandra-212x300.jpg\" class=\"attachment-medium size-medium\" alt=\"\" srcset=\"https:\/\/fiaf.net\/veneto\/wp-content\/uploads\/sites\/7\/2025\/01\/RF24-Rovolon-Fotografia-19-1-Furlan-Sandra-212x300.jpg 212w, https:\/\/fiaf.net\/veneto\/wp-content\/uploads\/sites\/7\/2025\/01\/RF24-Rovolon-Fotografia-19-1-Furlan-Sandra-724x1024.jpg 724w, https:\/\/fiaf.net\/veneto\/wp-content\/uploads\/sites\/7\/2025\/01\/RF24-Rovolon-Fotografia-19-1-Furlan-Sandra-768x1086.jpg 768w, https:\/\/fiaf.net\/veneto\/wp-content\/uploads\/sites\/7\/2025\/01\/RF24-Rovolon-Fotografia-19-1-Furlan-Sandra-1086x1536.jpg 1086w, https:\/\/fiaf.net\/veneto\/wp-content\/uploads\/sites\/7\/2025\/01\/RF24-Rovolon-Fotografia-19-1-Furlan-Sandra.jpg 1358w\" sizes=\"auto, (max-width: 212px) 100vw, 212px\" \/><\/a>\n\t\t\t<\/div><\/figure><figure class='gallery-item'>\n\t\t\t<div class='gallery-icon portrait'>\n\t\t\t\t<a href='https:\/\/fiaf.net\/veneto\/rf24-rovolon-fotografia-gli-autori-12-22\/rf24-rovolon-fotografia-19-2-furlan-sandra\/'><img loading=\"lazy\" decoding=\"async\" width=\"212\" height=\"300\" src=\"https:\/\/fiaf.net\/veneto\/wp-content\/uploads\/sites\/7\/2025\/01\/RF24-Rovolon-Fotografia-19-2-Furlan-Sandra-212x300.jpg\" class=\"attachment-medium size-medium\" alt=\"\" srcset=\"https:\/\/fiaf.net\/veneto\/wp-content\/uploads\/sites\/7\/2025\/01\/RF24-Rovolon-Fotografia-19-2-Furlan-Sandra-212x300.jpg 212w, https:\/\/fiaf.net\/veneto\/wp-content\/uploads\/sites\/7\/2025\/01\/RF24-Rovolon-Fotografia-19-2-Furlan-Sandra-724x1024.jpg 724w, https:\/\/fiaf.net\/veneto\/wp-content\/uploads\/sites\/7\/2025\/01\/RF24-Rovolon-Fotografia-19-2-Furlan-Sandra-768x1086.jpg 768w, https:\/\/fiaf.net\/veneto\/wp-content\/uploads\/sites\/7\/2025\/01\/RF24-Rovolon-Fotografia-19-2-Furlan-Sandra-1086x1536.jpg 1086w, https:\/\/fiaf.net\/veneto\/wp-content\/uploads\/sites\/7\/2025\/01\/RF24-Rovolon-Fotografia-19-2-Furlan-Sandra.jpg 1358w\" sizes=\"auto, (max-width: 212px) 100vw, 212px\" \/><\/a>\n\t\t\t<\/div><\/figure><figure class='gallery-item'>\n\t\t\t<div class='gallery-icon portrait'>\n\t\t\t\t<a href='https:\/\/fiaf.net\/veneto\/rf24-rovolon-fotografia-gli-autori-12-22\/rf24-rovolon-fotografia-19-3-furlan-sandra\/'><img loading=\"lazy\" decoding=\"async\" width=\"212\" height=\"300\" src=\"https:\/\/fiaf.net\/veneto\/wp-content\/uploads\/sites\/7\/2025\/01\/RF24-Rovolon-Fotografia-19-3-Furlan-Sandra-212x300.jpg\" class=\"attachment-medium size-medium\" alt=\"\" srcset=\"https:\/\/fiaf.net\/veneto\/wp-content\/uploads\/sites\/7\/2025\/01\/RF24-Rovolon-Fotografia-19-3-Furlan-Sandra-212x300.jpg 212w, https:\/\/fiaf.net\/veneto\/wp-content\/uploads\/sites\/7\/2025\/01\/RF24-Rovolon-Fotografia-19-3-Furlan-Sandra-724x1024.jpg 724w, https:\/\/fiaf.net\/veneto\/wp-content\/uploads\/sites\/7\/2025\/01\/RF24-Rovolon-Fotografia-19-3-Furlan-Sandra-768x1086.jpg 768w, https:\/\/fiaf.net\/veneto\/wp-content\/uploads\/sites\/7\/2025\/01\/RF24-Rovolon-Fotografia-19-3-Furlan-Sandra-1086x1536.jpg 1086w, https:\/\/fiaf.net\/veneto\/wp-content\/uploads\/sites\/7\/2025\/01\/RF24-Rovolon-Fotografia-19-3-Furlan-Sandra.jpg 1358w\" sizes=\"auto, (max-width: 212px) 100vw, 212px\" \/><\/a>\n\t\t\t<\/div><\/figure>\n\t\t<\/div>\n\n<hr \/>\n<h3>Massimo DI VINCI <img loading=\"lazy\" decoding=\"async\" class=\"alignnone wp-image-17410\" src=\"https:\/\/fiaf.net\/veneto\/wp-content\/uploads\/sites\/7\/2025\/01\/LOGO-FIAF-ETS_120px.jpg\" alt=\"\" width=\"30\" height=\"34\" \/><\/h3>\n<p><strong>FORME LUCI E SUPERFICI<\/strong><\/p>\n<p>Ho provato a usare il mio occhio quasi fosse uno zoom, cercando essenzialit\u00e0, costruzione di un contenuto con pochi elementi, una composizione il pi\u00f9 possibile efficace, giochi di luci, ombre e colori, linee rette e curve e superfici che contribuissero a creare armonia, forma, che \u00e8 essa stessa un contenuto.<br \/>\nMi sono accorto che non basta stringere l&#8217;inquadratura e includere pochi elementi, bisogna decidere quali escludere.<br \/>\nE quelli che tieni, devono avere senso, devono comunicare, devono bastare.<\/p>\n<p><strong>Dico di me stesso<\/strong><\/p>\n<p>Sono nato a Padova nel 1957 e da parecchio tempo la fotocamera accompagna i miei momenti liberi. Dalla fotografia analogica e dalla stampa in bianco e nero con l\u2019ingranditore, sono passato al digitale e allo sviluppo del file in camera chiara.<br \/>\nDa qualche tempo stampo autonomamente le mie foto; credo che la realizzazione delle proprie stampe sia importante e finalizzi il processo creativo.<br \/>\nMi piace fotografare ci\u00f2 che mi colpisce, indipendentemente dal genere e dal soggetto, amo la fotografa paesaggistica cos\u00ec come la street photography e la macrofotografia e la foto di concerti ed eventi.<br \/>\nIl mio desiderio \u00e8 quello di continuare ad utilizzare la fotocamera in maniera seria ma mai seriosa, quasi fosse un quaderno di appunti, un mezzo per collezionare visioni, per raccontare storie, per appassionarmi nel vedere sempre pi\u00f9 e sempre meglio ci\u00f2 che mi circonda.<\/p>\n<div id='gallery-9' class='gallery galleryid-17358 gallery-columns-3 gallery-size-medium'><figure class='gallery-item'>\n\t\t\t<div class='gallery-icon portrait'>\n\t\t\t\t<a href='https:\/\/fiaf.net\/veneto\/rf24-rovolon-fotografia-gli-autori-12-22\/rf24-rovolon-fotografia-20-1-di-vinci-massimo\/'><img loading=\"lazy\" decoding=\"async\" width=\"212\" height=\"300\" src=\"https:\/\/fiaf.net\/veneto\/wp-content\/uploads\/sites\/7\/2025\/01\/RF24-Rovolon-Fotografia-20-1-Di-Vinci-Massimo-212x300.jpg\" class=\"attachment-medium size-medium\" alt=\"\" srcset=\"https:\/\/fiaf.net\/veneto\/wp-content\/uploads\/sites\/7\/2025\/01\/RF24-Rovolon-Fotografia-20-1-Di-Vinci-Massimo-212x300.jpg 212w, https:\/\/fiaf.net\/veneto\/wp-content\/uploads\/sites\/7\/2025\/01\/RF24-Rovolon-Fotografia-20-1-Di-Vinci-Massimo-724x1024.jpg 724w, https:\/\/fiaf.net\/veneto\/wp-content\/uploads\/sites\/7\/2025\/01\/RF24-Rovolon-Fotografia-20-1-Di-Vinci-Massimo-768x1086.jpg 768w, https:\/\/fiaf.net\/veneto\/wp-content\/uploads\/sites\/7\/2025\/01\/RF24-Rovolon-Fotografia-20-1-Di-Vinci-Massimo-1086x1536.jpg 1086w, https:\/\/fiaf.net\/veneto\/wp-content\/uploads\/sites\/7\/2025\/01\/RF24-Rovolon-Fotografia-20-1-Di-Vinci-Massimo-1448x2048.jpg 1448w, https:\/\/fiaf.net\/veneto\/wp-content\/uploads\/sites\/7\/2025\/01\/RF24-Rovolon-Fotografia-20-1-Di-Vinci-Massimo-scaled.jpg 1810w\" sizes=\"auto, (max-width: 212px) 100vw, 212px\" \/><\/a>\n\t\t\t<\/div><\/figure><figure class='gallery-item'>\n\t\t\t<div class='gallery-icon landscape'>\n\t\t\t\t<a href='https:\/\/fiaf.net\/veneto\/rf24-rovolon-fotografia-gli-autori-12-22\/rf24-rovolon-fotografia-20-2-di-vinci-massimo\/'><img loading=\"lazy\" decoding=\"async\" width=\"300\" height=\"212\" src=\"https:\/\/fiaf.net\/veneto\/wp-content\/uploads\/sites\/7\/2025\/01\/RF24-Rovolon-Fotografia-20-2-Di-Vinci-Massimo-300x212.jpg\" class=\"attachment-medium size-medium\" alt=\"\" srcset=\"https:\/\/fiaf.net\/veneto\/wp-content\/uploads\/sites\/7\/2025\/01\/RF24-Rovolon-Fotografia-20-2-Di-Vinci-Massimo-300x212.jpg 300w, https:\/\/fiaf.net\/veneto\/wp-content\/uploads\/sites\/7\/2025\/01\/RF24-Rovolon-Fotografia-20-2-Di-Vinci-Massimo-1024x724.jpg 1024w, https:\/\/fiaf.net\/veneto\/wp-content\/uploads\/sites\/7\/2025\/01\/RF24-Rovolon-Fotografia-20-2-Di-Vinci-Massimo-768x543.jpg 768w, https:\/\/fiaf.net\/veneto\/wp-content\/uploads\/sites\/7\/2025\/01\/RF24-Rovolon-Fotografia-20-2-Di-Vinci-Massimo-1536x1086.jpg 1536w, https:\/\/fiaf.net\/veneto\/wp-content\/uploads\/sites\/7\/2025\/01\/RF24-Rovolon-Fotografia-20-2-Di-Vinci-Massimo-2048x1448.jpg 2048w\" sizes=\"auto, (max-width: 300px) 100vw, 300px\" \/><\/a>\n\t\t\t<\/div><\/figure><figure class='gallery-item'>\n\t\t\t<div class='gallery-icon landscape'>\n\t\t\t\t<a href='https:\/\/fiaf.net\/veneto\/rf24-rovolon-fotografia-gli-autori-12-22\/rf24-rovolon-fotografia-20-3-di-vinci-massimo\/'><img loading=\"lazy\" decoding=\"async\" width=\"300\" height=\"212\" src=\"https:\/\/fiaf.net\/veneto\/wp-content\/uploads\/sites\/7\/2025\/01\/RF24-Rovolon-Fotografia-20-3-Di-Vinci-Massimo-300x212.jpg\" class=\"attachment-medium size-medium\" alt=\"\" srcset=\"https:\/\/fiaf.net\/veneto\/wp-content\/uploads\/sites\/7\/2025\/01\/RF24-Rovolon-Fotografia-20-3-Di-Vinci-Massimo-300x212.jpg 300w, https:\/\/fiaf.net\/veneto\/wp-content\/uploads\/sites\/7\/2025\/01\/RF24-Rovolon-Fotografia-20-3-Di-Vinci-Massimo-1024x724.jpg 1024w, https:\/\/fiaf.net\/veneto\/wp-content\/uploads\/sites\/7\/2025\/01\/RF24-Rovolon-Fotografia-20-3-Di-Vinci-Massimo-768x543.jpg 768w, https:\/\/fiaf.net\/veneto\/wp-content\/uploads\/sites\/7\/2025\/01\/RF24-Rovolon-Fotografia-20-3-Di-Vinci-Massimo-1536x1086.jpg 1536w, https:\/\/fiaf.net\/veneto\/wp-content\/uploads\/sites\/7\/2025\/01\/RF24-Rovolon-Fotografia-20-3-Di-Vinci-Massimo-2048x1448.jpg 2048w\" sizes=\"auto, (max-width: 300px) 100vw, 300px\" \/><\/a>\n\t\t\t<\/div><\/figure>\n\t\t<\/div>\n\n<hr \/>\n<h3>Rosanna MAZZUCCO<\/h3>\n<p><strong>VENELAND <\/strong><br \/>\n<strong>La storia che non torna pi\u00f9<\/strong><\/p>\n<p>All&#8217;inizio di via Marocchesa, sulla sinistra venendo dal Terraglio, si trovava Veneland, un piccolo parco di divertimenti.<br \/>\nNato nella seconda met\u00e0 degli anni settanta sulla scia del successo di altri parchi dell&#8217;epoca, Veneland, racconta Andrea Zammataro nel sul blog, aveva:<\/p>\n<p>\u201cVarcando il singolare ingresso, a forma di Ponte di Rialto, si entrava in un parco a tema in piena regola\u2026 Tra le attrazioni figuravano le \u201cMacchine Bella Epoque\u201d, con percorso similare al vecchio \u201cVillaggio degli Elfi\u201d di Gardaland, il \u201cTreno del Safari\u201d, un simpatico trenino su rotaia che faceva il giro della zona lacustre, nella quale era presente \u201cL\u2019Arca di No\u00e8\u201d\u2026poi il rettilario, l\u2019acquario ed altre attrazioni tipiche da spettacolo viaggiante.. In pi\u00f9 c\u2019erano delle vere aree tematiche, come \u201cLa vecchia fattoria\u201d, il \u201cFortino\u201d, il \u201cVillaggio indiani\u201d ed il \u201cVillaggio western\u201d, con tanto di \u201cCow Boys\u201d show e maneggio. Era presente anche un lago artificiale con tanto di porticciolo. Il parco era in parte coperto. Qui sorgeva la birreria e pizzeria, i gi\u00e0 citati rettilario ed acquario, una sala per le manifestazioni, il palazzetto del ghiaccio ed una sala spettacoli dedicata ai bambini. In pi\u00f9, di fianco ai capannoni, c\u2019era l\u2019area Barbecue.\u201d<\/p>\n<p>Ebbe tuttavia breve vita: chiuse i battenti gi\u00e0 nel 1980 per incassi troppo bassi.<br \/>\nDa allora le strutture sono state abbandonate e le attrezzature rimaste sono divenute cos\u00ec facile preda di visitatori che hanno spogliato il parco di ogni suppellettile presente.<br \/>\nAttualmente, del complesso resta un capannone e il vistoso arco d&#8217;entrata (ispirato al Ponte di Rialto) ed \u00e8 testimonianza di come Veneland sia diventato un vero e proprio paradiso dei graffiters.<\/p>\n<div id='gallery-10' class='gallery galleryid-17358 gallery-columns-3 gallery-size-medium'><figure class='gallery-item'>\n\t\t\t<div class='gallery-icon landscape'>\n\t\t\t\t<a href='https:\/\/fiaf.net\/veneto\/rf24-rovolon-fotografia-gli-autori-12-22\/rf24-rovolon-fotografia-21-1-mazzucco-rosanna\/'><img loading=\"lazy\" decoding=\"async\" width=\"300\" height=\"194\" src=\"https:\/\/fiaf.net\/veneto\/wp-content\/uploads\/sites\/7\/2025\/01\/RF24-Rovolon-Fotografia-21-1-Mazzucco-Rosanna-300x194.jpg\" class=\"attachment-medium size-medium\" alt=\"\" srcset=\"https:\/\/fiaf.net\/veneto\/wp-content\/uploads\/sites\/7\/2025\/01\/RF24-Rovolon-Fotografia-21-1-Mazzucco-Rosanna-300x194.jpg 300w, https:\/\/fiaf.net\/veneto\/wp-content\/uploads\/sites\/7\/2025\/01\/RF24-Rovolon-Fotografia-21-1-Mazzucco-Rosanna-1024x663.jpg 1024w, https:\/\/fiaf.net\/veneto\/wp-content\/uploads\/sites\/7\/2025\/01\/RF24-Rovolon-Fotografia-21-1-Mazzucco-Rosanna-768x497.jpg 768w, https:\/\/fiaf.net\/veneto\/wp-content\/uploads\/sites\/7\/2025\/01\/RF24-Rovolon-Fotografia-21-1-Mazzucco-Rosanna-1536x995.jpg 1536w, https:\/\/fiaf.net\/veneto\/wp-content\/uploads\/sites\/7\/2025\/01\/RF24-Rovolon-Fotografia-21-1-Mazzucco-Rosanna-2048x1326.jpg 2048w\" sizes=\"auto, (max-width: 300px) 100vw, 300px\" \/><\/a>\n\t\t\t<\/div><\/figure><figure class='gallery-item'>\n\t\t\t<div class='gallery-icon landscape'>\n\t\t\t\t<a href='https:\/\/fiaf.net\/veneto\/rf24-rovolon-fotografia-gli-autori-12-22\/rf24-rovolon-fotografia-21-2-mazzucco-rosanna\/'><img loading=\"lazy\" decoding=\"async\" width=\"300\" height=\"200\" src=\"https:\/\/fiaf.net\/veneto\/wp-content\/uploads\/sites\/7\/2025\/01\/RF24-Rovolon-Fotografia-21-2-Mazzucco-Rosanna-300x200.jpg\" class=\"attachment-medium size-medium\" alt=\"\" srcset=\"https:\/\/fiaf.net\/veneto\/wp-content\/uploads\/sites\/7\/2025\/01\/RF24-Rovolon-Fotografia-21-2-Mazzucco-Rosanna-300x200.jpg 300w, https:\/\/fiaf.net\/veneto\/wp-content\/uploads\/sites\/7\/2025\/01\/RF24-Rovolon-Fotografia-21-2-Mazzucco-Rosanna-1024x683.jpg 1024w, https:\/\/fiaf.net\/veneto\/wp-content\/uploads\/sites\/7\/2025\/01\/RF24-Rovolon-Fotografia-21-2-Mazzucco-Rosanna-768x512.jpg 768w, https:\/\/fiaf.net\/veneto\/wp-content\/uploads\/sites\/7\/2025\/01\/RF24-Rovolon-Fotografia-21-2-Mazzucco-Rosanna-1536x1024.jpg 1536w, https:\/\/fiaf.net\/veneto\/wp-content\/uploads\/sites\/7\/2025\/01\/RF24-Rovolon-Fotografia-21-2-Mazzucco-Rosanna-2048x1365.jpg 2048w\" sizes=\"auto, (max-width: 300px) 100vw, 300px\" \/><\/a>\n\t\t\t<\/div><\/figure><figure class='gallery-item'>\n\t\t\t<div class='gallery-icon landscape'>\n\t\t\t\t<a href='https:\/\/fiaf.net\/veneto\/rf24-rovolon-fotografia-gli-autori-12-22\/rf24-rovolon-fotografia-21-3-mazzucco-rosanna\/'><img loading=\"lazy\" decoding=\"async\" width=\"300\" height=\"200\" src=\"https:\/\/fiaf.net\/veneto\/wp-content\/uploads\/sites\/7\/2025\/01\/RF24-Rovolon-Fotografia-21-3-Mazzucco-Rosanna-300x200.jpg\" class=\"attachment-medium size-medium\" alt=\"\" srcset=\"https:\/\/fiaf.net\/veneto\/wp-content\/uploads\/sites\/7\/2025\/01\/RF24-Rovolon-Fotografia-21-3-Mazzucco-Rosanna-300x200.jpg 300w, https:\/\/fiaf.net\/veneto\/wp-content\/uploads\/sites\/7\/2025\/01\/RF24-Rovolon-Fotografia-21-3-Mazzucco-Rosanna-1024x683.jpg 1024w, https:\/\/fiaf.net\/veneto\/wp-content\/uploads\/sites\/7\/2025\/01\/RF24-Rovolon-Fotografia-21-3-Mazzucco-Rosanna-768x512.jpg 768w, https:\/\/fiaf.net\/veneto\/wp-content\/uploads\/sites\/7\/2025\/01\/RF24-Rovolon-Fotografia-21-3-Mazzucco-Rosanna-1536x1024.jpg 1536w, https:\/\/fiaf.net\/veneto\/wp-content\/uploads\/sites\/7\/2025\/01\/RF24-Rovolon-Fotografia-21-3-Mazzucco-Rosanna-2048x1365.jpg 2048w\" sizes=\"auto, (max-width: 300px) 100vw, 300px\" \/><\/a>\n\t\t\t<\/div><\/figure>\n\t\t<\/div>\n\n<hr \/>\n<h3>Carlo GALLIOTTO <img loading=\"lazy\" decoding=\"async\" class=\"alignnone wp-image-17410\" src=\"https:\/\/fiaf.net\/veneto\/wp-content\/uploads\/sites\/7\/2025\/01\/LOGO-FIAF-ETS_120px.jpg\" alt=\"\" width=\"30\" height=\"34\" \/><\/h3>\n<p>2 musicisti, un drappo trasparente su cui vengono<br \/>\nproiettate opere di Piet Mondrian, Wassily Kandinsky,<br \/>\nHenri Matisse e Frida Khalo. Una esperienza immersiva<br \/>\nnella musica e nella pittura che crea una splendida<br \/>\n<strong>MAGIA<\/strong><\/p>\n<div id='gallery-11' class='gallery galleryid-17358 gallery-columns-3 gallery-size-medium'><figure class='gallery-item'>\n\t\t\t<div class='gallery-icon landscape'>\n\t\t\t\t<a href='https:\/\/fiaf.net\/veneto\/rf24-rovolon-fotografia-gli-autori-12-22\/rf24-rovolon-fotografia-22-1-galliotto-carlo\/'><img loading=\"lazy\" decoding=\"async\" width=\"300\" height=\"200\" src=\"https:\/\/fiaf.net\/veneto\/wp-content\/uploads\/sites\/7\/2025\/01\/RF24-Rovolon-Fotografia-22-1-Galliotto-Carlo-300x200.jpg\" class=\"attachment-medium size-medium\" alt=\"\" srcset=\"https:\/\/fiaf.net\/veneto\/wp-content\/uploads\/sites\/7\/2025\/01\/RF24-Rovolon-Fotografia-22-1-Galliotto-Carlo-300x200.jpg 300w, https:\/\/fiaf.net\/veneto\/wp-content\/uploads\/sites\/7\/2025\/01\/RF24-Rovolon-Fotografia-22-1-Galliotto-Carlo-1024x683.jpg 1024w, https:\/\/fiaf.net\/veneto\/wp-content\/uploads\/sites\/7\/2025\/01\/RF24-Rovolon-Fotografia-22-1-Galliotto-Carlo-768x512.jpg 768w, https:\/\/fiaf.net\/veneto\/wp-content\/uploads\/sites\/7\/2025\/01\/RF24-Rovolon-Fotografia-22-1-Galliotto-Carlo-1536x1024.jpg 1536w, https:\/\/fiaf.net\/veneto\/wp-content\/uploads\/sites\/7\/2025\/01\/RF24-Rovolon-Fotografia-22-1-Galliotto-Carlo.jpg 1980w\" sizes=\"auto, (max-width: 300px) 100vw, 300px\" \/><\/a>\n\t\t\t<\/div><\/figure><figure class='gallery-item'>\n\t\t\t<div class='gallery-icon landscape'>\n\t\t\t\t<a href='https:\/\/fiaf.net\/veneto\/rf24-rovolon-fotografia-gli-autori-12-22\/rf24-rovolon-fotografia-22-2-galliotto-carlo\/'><img loading=\"lazy\" decoding=\"async\" width=\"300\" height=\"200\" src=\"https:\/\/fiaf.net\/veneto\/wp-content\/uploads\/sites\/7\/2025\/01\/RF24-Rovolon-Fotografia-22-2-Galliotto-Carlo-300x200.jpg\" class=\"attachment-medium size-medium\" alt=\"\" srcset=\"https:\/\/fiaf.net\/veneto\/wp-content\/uploads\/sites\/7\/2025\/01\/RF24-Rovolon-Fotografia-22-2-Galliotto-Carlo-300x200.jpg 300w, https:\/\/fiaf.net\/veneto\/wp-content\/uploads\/sites\/7\/2025\/01\/RF24-Rovolon-Fotografia-22-2-Galliotto-Carlo-1024x683.jpg 1024w, https:\/\/fiaf.net\/veneto\/wp-content\/uploads\/sites\/7\/2025\/01\/RF24-Rovolon-Fotografia-22-2-Galliotto-Carlo-768x512.jpg 768w, https:\/\/fiaf.net\/veneto\/wp-content\/uploads\/sites\/7\/2025\/01\/RF24-Rovolon-Fotografia-22-2-Galliotto-Carlo-1536x1024.jpg 1536w, https:\/\/fiaf.net\/veneto\/wp-content\/uploads\/sites\/7\/2025\/01\/RF24-Rovolon-Fotografia-22-2-Galliotto-Carlo.jpg 1980w\" sizes=\"auto, (max-width: 300px) 100vw, 300px\" \/><\/a>\n\t\t\t<\/div><\/figure><figure class='gallery-item'>\n\t\t\t<div class='gallery-icon landscape'>\n\t\t\t\t<a href='https:\/\/fiaf.net\/veneto\/rf24-rovolon-fotografia-gli-autori-12-22\/rf24-rovolon-fotografia-22-3-galliotto-carlo\/'><img loading=\"lazy\" decoding=\"async\" width=\"300\" height=\"200\" src=\"https:\/\/fiaf.net\/veneto\/wp-content\/uploads\/sites\/7\/2025\/01\/RF24-Rovolon-Fotografia-22-3-Galliotto-Carlo-300x200.jpg\" class=\"attachment-medium size-medium\" alt=\"\" srcset=\"https:\/\/fiaf.net\/veneto\/wp-content\/uploads\/sites\/7\/2025\/01\/RF24-Rovolon-Fotografia-22-3-Galliotto-Carlo-300x200.jpg 300w, https:\/\/fiaf.net\/veneto\/wp-content\/uploads\/sites\/7\/2025\/01\/RF24-Rovolon-Fotografia-22-3-Galliotto-Carlo-1024x683.jpg 1024w, https:\/\/fiaf.net\/veneto\/wp-content\/uploads\/sites\/7\/2025\/01\/RF24-Rovolon-Fotografia-22-3-Galliotto-Carlo-768x512.jpg 768w, https:\/\/fiaf.net\/veneto\/wp-content\/uploads\/sites\/7\/2025\/01\/RF24-Rovolon-Fotografia-22-3-Galliotto-Carlo-1536x1024.jpg 1536w, https:\/\/fiaf.net\/veneto\/wp-content\/uploads\/sites\/7\/2025\/01\/RF24-Rovolon-Fotografia-22-3-Galliotto-Carlo.jpg 1980w\" sizes=\"auto, (max-width: 300px) 100vw, 300px\" \/><\/a>\n\t\t\t<\/div><\/figure>\n\t\t<\/div>\n\n<hr \/>\n<p>Con Carlo Galiotto si conclude la carrellata degli autori negli spazi civici e commerciali di Bastia; la prossima pubblicazione sar\u00e0 dedicata ai 12 artisti ospitati nelle Sala Polivalente della Scuola Infanzia Il Bucaneve.<\/p>\n\n    <div class=\"xs_social_share_widget xs_share_url after_content \t\tmain_content  wslu-style-1 wslu-share-box-shaped wslu-fill-colored wslu-none wslu-share-horizontal wslu-theme-font-no wslu-main_content\">\n\n\t\t\n        <ul>\n\t\t\t        <\/ul>\n    <\/div> \n","protected":false},"excerpt":{"rendered":"<p>Il nostro giro virtuale a spasso per i restanti negozi e ristoranti di Bastia, Carbonara e Rovolon che hanno aderito &hellip;<\/p>\n","protected":false},"author":3,"featured_media":17180,"comment_status":"closed","ping_status":"closed","sticky":false,"template":"","format":"standard","meta":{"_acf_changed":false,"footnotes":""},"categories":[65,12],"tags":[36,41],"class_list":["post-17358","post","type-post","status-publish","format-standard","has-post-thumbnail","hentry","category-attivita-tesserati","category-manifestazioni","tag-padova","tag-riconoscimento-fiaf"],"acf":[],"_links":{"self":[{"href":"https:\/\/fiaf.net\/veneto\/wp-json\/wp\/v2\/posts\/17358","targetHints":{"allow":["GET"]}}],"collection":[{"href":"https:\/\/fiaf.net\/veneto\/wp-json\/wp\/v2\/posts"}],"about":[{"href":"https:\/\/fiaf.net\/veneto\/wp-json\/wp\/v2\/types\/post"}],"author":[{"embeddable":true,"href":"https:\/\/fiaf.net\/veneto\/wp-json\/wp\/v2\/users\/3"}],"replies":[{"embeddable":true,"href":"https:\/\/fiaf.net\/veneto\/wp-json\/wp\/v2\/comments?post=17358"}],"version-history":[{"count":7,"href":"https:\/\/fiaf.net\/veneto\/wp-json\/wp\/v2\/posts\/17358\/revisions"}],"predecessor-version":[{"id":17413,"href":"https:\/\/fiaf.net\/veneto\/wp-json\/wp\/v2\/posts\/17358\/revisions\/17413"}],"wp:featuredmedia":[{"embeddable":true,"href":"https:\/\/fiaf.net\/veneto\/wp-json\/wp\/v2\/media\/17180"}],"wp:attachment":[{"href":"https:\/\/fiaf.net\/veneto\/wp-json\/wp\/v2\/media?parent=17358"}],"wp:term":[{"taxonomy":"category","embeddable":true,"href":"https:\/\/fiaf.net\/veneto\/wp-json\/wp\/v2\/categories?post=17358"},{"taxonomy":"post_tag","embeddable":true,"href":"https:\/\/fiaf.net\/veneto\/wp-json\/wp\/v2\/tags?post=17358"}],"curies":[{"name":"wp","href":"https:\/\/api.w.org\/{rel}","templated":true}]}}