{"id":17434,"date":"2025-01-12T12:33:11","date_gmt":"2025-01-12T11:33:11","guid":{"rendered":"https:\/\/fiaf.net\/veneto\/?p=17434"},"modified":"2025-01-12T15:09:42","modified_gmt":"2025-01-12T14:09:42","slug":"racconti-da-chernobyl-pierpaolo-mittica","status":"publish","type":"post","link":"https:\/\/fiaf.net\/veneto\/racconti-da-chernobyl-pierpaolo-mittica\/","title":{"rendered":"Racconti da Chernobyl, Pierpaolo Mittica a Il Punto Focale VI l 25 gen 18:30"},"content":{"rendered":"<p>Il Punto Focale ospita Pierpaolo Mittica<br \/>\nIl fotoreporter Pierpaolo Mittica presenter\u00e0 il suo ultimo libro fotografico, &#8220;Chernobyl&#8221;, un&#8217;opera intensa e profonda che racconta le comunit\u00e0 e le realt\u00e0 della zona di esclusione intorno al sito del disastro nucleare del 1986.<br \/>\nDal 2002, Mittica ha esplorato e documentato questa terra unica, andando oltre le rovine per concentrarsi sulle storie umane. Con immagini di grande impatto, il suo lavoro mette in luce le conseguenze di uno dei pi\u00f9 gravi disastri tecnologici della storia moderna, mantenendo viva la memoria di un luogo dove il tempo sembra essersi fermato.<br \/>\nQuesta presentazione sar\u00e0 un&#8217;occasione imperdibile per immergersi in un racconto che intreccia fotografia, storia e umanit\u00e0, e per riflettere sulle tematiche ambientali, sociali e culturali legate a Chernobyl.<br \/>\nQuando: Sabato 25 gennaio ore 18.30<br \/>\nDove: Centro Culturale Ferrovieri &#8211; Via Rismondo 2, Vicenza<\/p>\n<p><img loading=\"lazy\" decoding=\"async\" class=\"alignnone size-full wp-image-17435\" src=\"https:\/\/fiaf.net\/veneto\/wp-content\/uploads\/sites\/7\/2025\/01\/2025-01-25-Vicenza-Pierpaolo-Mittica-Chernobyl-Il-Punto-focale.jpg\" alt=\"\" width=\"940\" height=\"788\" srcset=\"https:\/\/fiaf.net\/veneto\/wp-content\/uploads\/sites\/7\/2025\/01\/2025-01-25-Vicenza-Pierpaolo-Mittica-Chernobyl-Il-Punto-focale.jpg 940w, https:\/\/fiaf.net\/veneto\/wp-content\/uploads\/sites\/7\/2025\/01\/2025-01-25-Vicenza-Pierpaolo-Mittica-Chernobyl-Il-Punto-focale-300x251.jpg 300w, https:\/\/fiaf.net\/veneto\/wp-content\/uploads\/sites\/7\/2025\/01\/2025-01-25-Vicenza-Pierpaolo-Mittica-Chernobyl-Il-Punto-focale-768x644.jpg 768w\" sizes=\"auto, (max-width: 940px) 100vw, 940px\" \/><\/p>\n\n    <div class=\"xs_social_share_widget xs_share_url after_content \t\tmain_content  wslu-style-1 wslu-share-box-shaped wslu-fill-colored wslu-none wslu-share-horizontal wslu-theme-font-no wslu-main_content\">\n\n\t\t\n        <ul>\n\t\t\t        <\/ul>\n    <\/div> \n","protected":false},"excerpt":{"rendered":"<p>Il Punto Focale ospita Pierpaolo Mittica Il fotoreporter Pierpaolo Mittica presenter\u00e0 il suo ultimo libro fotografico, &#8220;Chernobyl&#8221;, un&#8217;opera intensa e &hellip;<\/p>\n","protected":false},"author":3,"featured_media":17436,"comment_status":"closed","ping_status":"closed","sticky":false,"template":"","format":"standard","meta":{"_acf_changed":false,"footnotes":""},"categories":[65],"tags":[41,48],"class_list":["post-17434","post","type-post","status-publish","format-standard","has-post-thumbnail","hentry","category-attivita-tesserati","tag-riconoscimento-fiaf","tag-vicenza"],"acf":[],"_links":{"self":[{"href":"https:\/\/fiaf.net\/veneto\/wp-json\/wp\/v2\/posts\/17434","targetHints":{"allow":["GET"]}}],"collection":[{"href":"https:\/\/fiaf.net\/veneto\/wp-json\/wp\/v2\/posts"}],"about":[{"href":"https:\/\/fiaf.net\/veneto\/wp-json\/wp\/v2\/types\/post"}],"author":[{"embeddable":true,"href":"https:\/\/fiaf.net\/veneto\/wp-json\/wp\/v2\/users\/3"}],"replies":[{"embeddable":true,"href":"https:\/\/fiaf.net\/veneto\/wp-json\/wp\/v2\/comments?post=17434"}],"version-history":[{"count":1,"href":"https:\/\/fiaf.net\/veneto\/wp-json\/wp\/v2\/posts\/17434\/revisions"}],"predecessor-version":[{"id":17437,"href":"https:\/\/fiaf.net\/veneto\/wp-json\/wp\/v2\/posts\/17434\/revisions\/17437"}],"wp:featuredmedia":[{"embeddable":true,"href":"https:\/\/fiaf.net\/veneto\/wp-json\/wp\/v2\/media\/17436"}],"wp:attachment":[{"href":"https:\/\/fiaf.net\/veneto\/wp-json\/wp\/v2\/media?parent=17434"}],"wp:term":[{"taxonomy":"category","embeddable":true,"href":"https:\/\/fiaf.net\/veneto\/wp-json\/wp\/v2\/categories?post=17434"},{"taxonomy":"post_tag","embeddable":true,"href":"https:\/\/fiaf.net\/veneto\/wp-json\/wp\/v2\/tags?post=17434"}],"curies":[{"name":"wp","href":"https:\/\/api.w.org\/{rel}","templated":true}]}}