{"id":17615,"date":"2025-02-23T19:17:47","date_gmt":"2025-02-23T18:17:47","guid":{"rendered":"https:\/\/fiaf.net\/veneto\/?p=17615"},"modified":"2025-02-23T19:17:47","modified_gmt":"2025-02-23T18:17:47","slug":"kenro-izu-al-cf-vicenza-martedi-25-feb-2025-alle-2030-presentato-da-rossana-ottofaro","status":"publish","type":"post","link":"https:\/\/fiaf.net\/veneto\/kenro-izu-al-cf-vicenza-martedi-25-feb-2025-alle-2030-presentato-da-rossana-ottofaro\/","title":{"rendered":"KENRO IZU &#8220;al&#8221; CF Vicenza marted\u00ec 25 feb 2025 alle 20:30, presentato da Rossana OTTOFARO"},"content":{"rendered":"<p>Marted\u00ec 25 febbraio 2025 ore 20:30 Rossana Ottofaro al CF Vicenza presso Circoscrizione 2 presenter\u00e0 KENRO IZU<\/p>\n<p><strong>KENRO IZU\u00a0<\/strong><br \/>\nKenro Izu \u00e8 un fotografo giapponese di fama internazionale, noto per il suo stile meditativo e la capacit\u00e0 di evocare una profonda spiritualit\u00e0 nelle sue immagini. Nato a Osaka nel 1949, ha studiato al Nihon University College of Art di Tokyo e si \u00e8 trasferito a New York nel 1972 per lavorare come assistente fotografo. Due anni dopo, ha aperto il suo studio di still life.<\/p>\n<p>Izu \u00e8 considerato uno dei pi\u00f9 esperti stampatori della tecnica del platino\/palladio e ha affiancato al suo lavoro commerciale un percorso artistico con diversi progetti personali. Le sue opere sono esposte in musei e gallerie negli Stati Uniti, in Europa e in Giappone.<\/p>\n<p>Un tema centrale nel lavoro di Izu \u00e8 la ricerca della spiritualit\u00e0 attraverso il paesaggio e l&#8217;architettura sacra. Ha viaggiato in tutto il mondo per catturare immagini di luoghi con significato spirituale, come i templi di Angkor Wat in Cambogia, i siti religiosi di Lhasa in Tibet e le antiche piramidi egizie. La sua serie pi\u00f9 celebre, &#8220;Sacred Places&#8221;, iniziata nel 1979, lo ha portato a fotografare siti religiosi e monumenti in Asia, Medio Oriente e Africa.<\/p>\n<p>Le fotografie di Izu trasmettono una sensazione di pace e riverenza, esaltando il rapporto tra l&#8217;uomo e lo spazio divino. Le sue immagini non sono semplici rappresentazioni architettoniche, ma tentano di catturare l&#8217;essenza e l&#8217;aura di eternit\u00e0 che circonda questi luoghi.<\/p>\n<p><strong>ROSSANA OTTOFARO<\/strong><br \/>\nRossana Ottofaro \u00e8 un architetto di grande talento, laureata in architettura presso lo IUAV di Venezia. \u00c8 stata allieva dello storico della fotografia Italo Zannier e si interessa particolarmente di fotografia dell&#8217;architettura e del paesaggio urbano.<br \/>\nNel 2005, Rossana ha integrato il team di Spazioforma, un&#8217;azienda di architettura e ingegneria a Vicenza, apportando estro creativo e competenze in design, allestimenti e installazioni. La sua sensibilit\u00e0 creativa e la capacit\u00e0 di percepire lo stile dei suoi clienti le permettono di tradurre queste intuizioni in progetti di grande qualit\u00e0 estetica.<\/p>\n<p><img loading=\"lazy\" decoding=\"async\" class=\"alignnone size-large wp-image-17616\" src=\"https:\/\/fiaf.net\/veneto\/wp-content\/uploads\/sites\/7\/2025\/02\/2025-02-25-Vicenza-Rossana-Ottofaro-Kenro-Izu-1024x1024.jpg\" alt=\"\" width=\"1024\" height=\"1024\" srcset=\"https:\/\/fiaf.net\/veneto\/wp-content\/uploads\/sites\/7\/2025\/02\/2025-02-25-Vicenza-Rossana-Ottofaro-Kenro-Izu-1024x1024.jpg 1024w, https:\/\/fiaf.net\/veneto\/wp-content\/uploads\/sites\/7\/2025\/02\/2025-02-25-Vicenza-Rossana-Ottofaro-Kenro-Izu-300x300.jpg 300w, https:\/\/fiaf.net\/veneto\/wp-content\/uploads\/sites\/7\/2025\/02\/2025-02-25-Vicenza-Rossana-Ottofaro-Kenro-Izu-150x150.jpg 150w, https:\/\/fiaf.net\/veneto\/wp-content\/uploads\/sites\/7\/2025\/02\/2025-02-25-Vicenza-Rossana-Ottofaro-Kenro-Izu-768x768.jpg 768w, https:\/\/fiaf.net\/veneto\/wp-content\/uploads\/sites\/7\/2025\/02\/2025-02-25-Vicenza-Rossana-Ottofaro-Kenro-Izu.jpg 1440w\" sizes=\"auto, (max-width: 1024px) 100vw, 1024px\" \/><\/p>\n\n    <div class=\"xs_social_share_widget xs_share_url after_content \t\tmain_content  wslu-style-1 wslu-share-box-shaped wslu-fill-colored wslu-none wslu-share-horizontal wslu-theme-font-no wslu-main_content\">\n\n\t\t\n        <ul>\n\t\t\t        <\/ul>\n    <\/div> \n","protected":false},"excerpt":{"rendered":"<p>Marted\u00ec 25 febbraio 2025 ore 20:30 Rossana Ottofaro al CF Vicenza presso Circoscrizione 2 presenter\u00e0 KENRO IZU KENRO IZU\u00a0 Kenro &hellip;<\/p>\n","protected":false},"author":3,"featured_media":17617,"comment_status":"closed","ping_status":"closed","sticky":false,"template":"","format":"standard","meta":{"_acf_changed":false,"footnotes":""},"categories":[13],"tags":[48],"class_list":["post-17615","post","type-post","status-publish","format-standard","has-post-thumbnail","hentry","category-mostre","tag-vicenza"],"acf":[],"_links":{"self":[{"href":"https:\/\/fiaf.net\/veneto\/wp-json\/wp\/v2\/posts\/17615","targetHints":{"allow":["GET"]}}],"collection":[{"href":"https:\/\/fiaf.net\/veneto\/wp-json\/wp\/v2\/posts"}],"about":[{"href":"https:\/\/fiaf.net\/veneto\/wp-json\/wp\/v2\/types\/post"}],"author":[{"embeddable":true,"href":"https:\/\/fiaf.net\/veneto\/wp-json\/wp\/v2\/users\/3"}],"replies":[{"embeddable":true,"href":"https:\/\/fiaf.net\/veneto\/wp-json\/wp\/v2\/comments?post=17615"}],"version-history":[{"count":1,"href":"https:\/\/fiaf.net\/veneto\/wp-json\/wp\/v2\/posts\/17615\/revisions"}],"predecessor-version":[{"id":17618,"href":"https:\/\/fiaf.net\/veneto\/wp-json\/wp\/v2\/posts\/17615\/revisions\/17618"}],"wp:featuredmedia":[{"embeddable":true,"href":"https:\/\/fiaf.net\/veneto\/wp-json\/wp\/v2\/media\/17617"}],"wp:attachment":[{"href":"https:\/\/fiaf.net\/veneto\/wp-json\/wp\/v2\/media?parent=17615"}],"wp:term":[{"taxonomy":"category","embeddable":true,"href":"https:\/\/fiaf.net\/veneto\/wp-json\/wp\/v2\/categories?post=17615"},{"taxonomy":"post_tag","embeddable":true,"href":"https:\/\/fiaf.net\/veneto\/wp-json\/wp\/v2\/tags?post=17615"}],"curies":[{"name":"wp","href":"https:\/\/api.w.org\/{rel}","templated":true}]}}