{"id":3910,"date":"2014-03-09T21:19:36","date_gmt":"2014-03-09T20:19:36","guid":{"rendered":"https:\/\/fiaf.net\/regioni\/veneto\/?p=3910"},"modified":"2014-03-09T21:19:36","modified_gmt":"2014-03-09T20:19:36","slug":"omaggio-allarte-2","status":"publish","type":"post","link":"https:\/\/fiaf.net\/veneto\/omaggio-allarte-2\/","title":{"rendered":"Omaggio all&#039;Arte"},"content":{"rendered":"<p><b>Mostra fotografica OMAGGIO ALL\u2019ARTE <\/b><\/p>\n<p style=\"text-align: center\"><img loading=\"lazy\" decoding=\"async\" class=\"aligncenter  wp-image-3911\" alt=\"IMG_0440\" src=\"https:\/\/fiaf.net\/regioni\/veneto\/wp-content\/uploads\/2014\/03\/IMG_0440-1024x682.jpg\" width=\"717\" height=\"477\" \/><\/p>\n<p><img loading=\"lazy\" decoding=\"async\" class=\"aligncenter  wp-image-3912\" alt=\"IMG_0442\" src=\"https:\/\/fiaf.net\/regioni\/veneto\/wp-content\/uploads\/2014\/03\/IMG_0442-1024x682.jpg\" width=\"717\" height=\"477\" \/><br \/>\nE\u2019 stata inaugurata sabato 1\u00b0 marzo 2014 in Garda (VR) presso Palazzo Pincini Carlotti in Via Di Rudin\u00ec Carlotti la mostra fotografica OMAGGIO ALL\u2019ARTE. E\u2019 una mostra collettiva curata dal Fotoclub di Costermano ed organizzata in collaborazione con il Gruppo Fotografico Lo Scatto di Garda; rimarr\u00e0 aperta nei fine settimana fino al 30 marzo 2014.<br \/>\nLa rassegna rappresenta una selezione di lavori fotografici realizzati durante un workshop presso lo studio laboratorio dello scultore Pino Castagna con il maestro della fotografia italiana Ivano Bolondi.<br \/>\nLa sala riunioni di Palazzo Pincini Carlotti ha ospitato la presentazione della mostra con la presenza del Sindaco di Costermano Fiorenzo Lorenzini e del sindaco di Garda Antonio Pasotti assieme agli assessori delle due Amministrazioni Comunali.<br \/>\nMassimo Felisi, Presidente del Gruppo Fotografico Lo Scatto, ha fatto gli onori di casa. Folta la rappresentanza delle varie associazioni locali e di un numeroso ed qualificato pubblico.<br \/>\nIl Sindaco di Garda Antonio Pasotti ha omaggiato il fotografo Ivano Bolondi e lo scultore Pino Castagna con il sigillo aureo del Comune di Garda.<br \/>\nAndrea Mirenda, socio del Gruppo Fotografico Lo Scatto, ha preso la parola e ha presentato al pubblico Ivano Bolondi.<br \/>\nGrande soddisfazione \u00e8 stata espressa dallo scultore Pino Castagna che ha messo a disposizione il proprio laboratorio con grande disponibilit\u00e0 durante il workshop, emozionato di fronte alle foto che sono state realizzate dai vari fotoamatori partecipanti.<br \/>\nIl Presidente onorario della FIAF, nonch\u00e8 socio onorario del Gruppo Fotografico Lo Scatto, Fulvio Merlak cos\u00ec si \u00e8 espresso a proposito della mostra \u201cSorprendenti i risultati del workshop con Bolondi nello studio di Pino Castagna: il gioco interpretativo, fatto di tagli e frammentazioni, ci restituisce un\u2019immagine dell\u2019opera dello scultore gioiosa e fantasiosa, ma rispettosa della sua produzione\u201d<\/p>\n\n    <div class=\"xs_social_share_widget xs_share_url after_content \t\tmain_content  wslu-style-1 wslu-share-box-shaped wslu-fill-colored wslu-none wslu-share-horizontal wslu-theme-font-no wslu-main_content\">\n\n\t\t\n        <ul>\n\t\t\t        <\/ul>\n    <\/div> \n","protected":false},"excerpt":{"rendered":"<p>Mostra fotografica OMAGGIO ALL\u2019ARTE E\u2019 stata inaugurata sabato 1\u00b0 marzo 2014 in Garda (VR) presso Palazzo Pincini Carlotti in Via &hellip;<\/p>\n","protected":false},"author":3,"featured_media":0,"comment_status":"closed","ping_status":"closed","sticky":false,"template":"","format":"standard","meta":{"_acf_changed":false,"footnotes":""},"categories":[2],"tags":[],"class_list":["post-3910","post","type-post","status-publish","format-standard","hentry","category-attivita-circoli"],"acf":[],"_links":{"self":[{"href":"https:\/\/fiaf.net\/veneto\/wp-json\/wp\/v2\/posts\/3910","targetHints":{"allow":["GET"]}}],"collection":[{"href":"https:\/\/fiaf.net\/veneto\/wp-json\/wp\/v2\/posts"}],"about":[{"href":"https:\/\/fiaf.net\/veneto\/wp-json\/wp\/v2\/types\/post"}],"author":[{"embeddable":true,"href":"https:\/\/fiaf.net\/veneto\/wp-json\/wp\/v2\/users\/3"}],"replies":[{"embeddable":true,"href":"https:\/\/fiaf.net\/veneto\/wp-json\/wp\/v2\/comments?post=3910"}],"version-history":[{"count":0,"href":"https:\/\/fiaf.net\/veneto\/wp-json\/wp\/v2\/posts\/3910\/revisions"}],"wp:attachment":[{"href":"https:\/\/fiaf.net\/veneto\/wp-json\/wp\/v2\/media?parent=3910"}],"wp:term":[{"taxonomy":"category","embeddable":true,"href":"https:\/\/fiaf.net\/veneto\/wp-json\/wp\/v2\/categories?post=3910"},{"taxonomy":"post_tag","embeddable":true,"href":"https:\/\/fiaf.net\/veneto\/wp-json\/wp\/v2\/tags?post=3910"}],"curies":[{"name":"wp","href":"https:\/\/api.w.org\/{rel}","templated":true}]}}