{"id":3980,"date":"2014-03-29T12:37:42","date_gmt":"2014-03-29T11:37:42","guid":{"rendered":"https:\/\/fiaf.net\/regioni\/veneto\/?p=3980"},"modified":"2014-03-29T12:37:42","modified_gmt":"2014-03-29T11:37:42","slug":"trapani-tra-emozioni-e-spiritualita-la-processione-dei-misteri","status":"publish","type":"post","link":"https:\/\/fiaf.net\/veneto\/trapani-tra-emozioni-e-spiritualita-la-processione-dei-misteri\/","title":{"rendered":"Trapani, tra emozioni e spiritualit\u00e0.La processione dei misteri"},"content":{"rendered":"<p style=\"text-align: center\"><img loading=\"lazy\" decoding=\"async\" class=\"aligncenter  wp-image-3981\" alt=\"Locandina L mostra Rupolo\" src=\"https:\/\/fiaf.net\/regioni\/veneto\/wp-content\/uploads\/2014\/03\/Locandina-L-mostra-Rupolo-723x1024.jpg\" width=\"434\" height=\"614\" \/><\/p>\n<p style=\"text-align: left\">Carissimi fotoamatori, amici e simpatizzanti ritornano presso Palazzo Pincini Carlotti in Garda (VR) le mostre della galleria FIAF.<br \/>\nLa galleria, inaugurata il 22 marzo 2013, debutta con la mostra &#8220;Trapani, tra emozioni e spiritualit\u00e0. La processione dei misteri&#8221; di Giancarlo Rupolo. L&#8217;inaugurazione \u00e8 prevista sabato 5 aprile 2014 alle ore 18.00; la mostra rester\u00e0 aperta dal 6 aprile al 27 aprile 2014 nei fine settimana con il seguente orario: mattino 10.30 &#8211; 12.30 pomeriggio 16.00 &#8211; 19.00. L&#8217;entrata \u00e8 libera.<br \/>\nEstendete l&#8217;invito ad altri fotoamatori ed amici.<br \/>\nVi allego locandina della mostra.<br \/>\nCordiali saluti.<br \/>\nTullio Sometti<\/p>\n\n    <div class=\"xs_social_share_widget xs_share_url after_content \t\tmain_content  wslu-style-1 wslu-share-box-shaped wslu-fill-colored wslu-none wslu-share-horizontal wslu-theme-font-no wslu-main_content\">\n\n\t\t\n        <ul>\n\t\t\t        <\/ul>\n    <\/div> \n","protected":false},"excerpt":{"rendered":"<p>Carissimi fotoamatori, amici e simpatizzanti ritornano presso Palazzo Pincini Carlotti in Garda (VR) le mostre della galleria FIAF. La galleria, &hellip;<\/p>\n","protected":false},"author":3,"featured_media":0,"comment_status":"closed","ping_status":"closed","sticky":false,"template":"","format":"standard","meta":{"_acf_changed":false,"footnotes":""},"categories":[9],"tags":[],"class_list":["post-3980","post","type-post","status-publish","format-standard","hentry","category-gallerie"],"acf":[],"_links":{"self":[{"href":"https:\/\/fiaf.net\/veneto\/wp-json\/wp\/v2\/posts\/3980","targetHints":{"allow":["GET"]}}],"collection":[{"href":"https:\/\/fiaf.net\/veneto\/wp-json\/wp\/v2\/posts"}],"about":[{"href":"https:\/\/fiaf.net\/veneto\/wp-json\/wp\/v2\/types\/post"}],"author":[{"embeddable":true,"href":"https:\/\/fiaf.net\/veneto\/wp-json\/wp\/v2\/users\/3"}],"replies":[{"embeddable":true,"href":"https:\/\/fiaf.net\/veneto\/wp-json\/wp\/v2\/comments?post=3980"}],"version-history":[{"count":0,"href":"https:\/\/fiaf.net\/veneto\/wp-json\/wp\/v2\/posts\/3980\/revisions"}],"wp:attachment":[{"href":"https:\/\/fiaf.net\/veneto\/wp-json\/wp\/v2\/media?parent=3980"}],"wp:term":[{"taxonomy":"category","embeddable":true,"href":"https:\/\/fiaf.net\/veneto\/wp-json\/wp\/v2\/categories?post=3980"},{"taxonomy":"post_tag","embeddable":true,"href":"https:\/\/fiaf.net\/veneto\/wp-json\/wp\/v2\/tags?post=3980"}],"curies":[{"name":"wp","href":"https:\/\/api.w.org\/{rel}","templated":true}]}}