{"id":4397,"date":"2014-05-31T12:50:39","date_gmt":"2014-05-31T10:50:39","guid":{"rendered":"https:\/\/fiaf.net\/regioni\/veneto\/?p=4397"},"modified":"2014-05-31T12:50:39","modified_gmt":"2014-05-31T10:50:39","slug":"daniele-pellegrini","status":"publish","type":"post","link":"https:\/\/fiaf.net\/veneto\/daniele-pellegrini\/","title":{"rendered":"Daniele Pellegrini"},"content":{"rendered":"<p>VENERDI 6 GIUGNO 2014 ALLE ORE 20,30<br \/>\nPRESSO IL CENTRO CULTURALE TAMAI DI SILEA<br \/>\nin via Roma 81<br \/>\nSERATA CON L\u2019AUTORE : DANIELE PELLEGRINI<br \/>\n<img loading=\"lazy\" decoding=\"async\" class=\"aligncenter size-full wp-image-4398\" src=\"https:\/\/fiaf.net\/regioni\/veneto\/wp-content\/uploads\/2014\/05\/daniele-pellegrini.png\" alt=\"daniele pellegrini\" width=\"415\" height=\"276\" srcset=\"https:\/\/fiaf.net\/veneto\/wp-content\/uploads\/sites\/7\/2014\/05\/daniele-pellegrini.png 415w, https:\/\/fiaf.net\/veneto\/wp-content\/uploads\/sites\/7\/2014\/05\/daniele-pellegrini-300x200.png 300w\" sizes=\"auto, (max-width: 415px) 100vw, 415px\" \/><br \/>\nDaniele Pellegrini, fotogiornalista documentarista specializzato in reportage geografico, naturalistico, etnografico, archeologico, \u00e8 nato a Crespano del Grappa (Treviso) nel 1945. Laureato in Scienze Politiche all&#8217;Universit\u00e0 Cattolica di Milano con una tesi in etnologia dedicata all&#8217;etnia afghana dei Kafiri, \u00e8 considerato senz&#8217;altro un figlio d&#8217;arte, in quanto i suoi genitori, Lino ed Elena Pellegrini, per oltre cinquant&#8217;anni hanno realizzato reportages fotogiornalistici in tutto il mondo.<br \/>\nPoco pi\u00f9 che ventenne, Daniele inizia la carriera come fotografo di viaggio documentando due suoi raids automobilistici attraverso l&#8217;Asia ed il Sud America. Viaggi che lo portano a conoscere un altro grande viaggiatore, Cesare Gerolimetto, divenuto poi fotografo famoso, che gli propone di unire le rispettive esperienze e compiere assieme un viaggio fantastico: il primo giro del mondo in camion.<br \/>\nL&#8217;impresa, progettata per produrre servizi fotografici, viene realizzata tra il 1976 e il 1979, dura due anni e otto mesi, con un percorso di 184.000 chilometri, attraverso 48 paesi dei cinque continenti. Il viaggio record, compiuto sul camion da fuoristrada Fiat-Iveco 75 PC 4&#215;4, ribattezzato &#8220;Antonio Pigafetta&#8221; in onore dello storiografo vicentino della spedizione di Magellano, viene iscritto nel Guinness dei Primati nel 1982 e pubblicato sulla stampa di tutto il mondo. Nel 1980 Daniele pubblica il volume illustrato &#8220;Un camion intorno al mondo&#8221; (Arnoldo Mondadori Editore).<br \/>\nDal 1967 al 1981 i servizi fotografici di Daniele appaiono su numerose testate, come Epoca, Oggi, la Domenica del Corriere, Atlante, ecc.<br \/>\nDal 1981 al 2002 Daniele lavora per il mensile Airone (Editoriale Giorgio Mondadori) realizzando circa 200 reportages talora pubblicati anche da grandi riviste europee come GEO (Francia e Germania), Grands Reportages (Francia), Terre Sauvage (Francia), ecc. Partecipa inoltre a grandi progetti librari internazionali, come A day in the life, realizzati congiuntamente da gruppi di fotografi, scelti tra i migliori del mondo.<br \/>\nDaniele \u00e8 anche testimone di grandi eventi storici, come la grande carestia dell&#8217;Etiopia nel 1985, la guerra civile in Afghanistan nel 1990 e la tragedia dei Curdi dopo la guerra del Golfo in Irak nel 1991, dove fotografa l&#8217;esercito dei volontari di pace delle Nazioni Unite e delle organizzazioni umanitarie.<br \/>\nNel 2001 la sua professione \u00e8 oggetto di una tesi di laurea presso l&#8217;Universit\u00e0 degli Studi di Parma, dal titolo: &#8220;Daniele Pellegrini, fotografo di viaggio&#8221;.<\/p>\n\n    <div class=\"xs_social_share_widget xs_share_url after_content \t\tmain_content  wslu-style-1 wslu-share-box-shaped wslu-fill-colored wslu-none wslu-share-horizontal wslu-theme-font-no wslu-main_content\">\n\n\t\t\n        <ul>\n\t\t\t        <\/ul>\n    <\/div> \n","protected":false},"excerpt":{"rendered":"<p>VENERDI 6 GIUGNO 2014 ALLE ORE 20,30 PRESSO IL CENTRO CULTURALE TAMAI DI SILEA in via Roma 81 SERATA CON &hellip;<\/p>\n","protected":false},"author":3,"featured_media":0,"comment_status":"closed","ping_status":"closed","sticky":false,"template":"","format":"standard","meta":{"_acf_changed":false,"footnotes":""},"categories":[2],"tags":[],"class_list":["post-4397","post","type-post","status-publish","format-standard","hentry","category-attivita-circoli"],"acf":[],"_links":{"self":[{"href":"https:\/\/fiaf.net\/veneto\/wp-json\/wp\/v2\/posts\/4397","targetHints":{"allow":["GET"]}}],"collection":[{"href":"https:\/\/fiaf.net\/veneto\/wp-json\/wp\/v2\/posts"}],"about":[{"href":"https:\/\/fiaf.net\/veneto\/wp-json\/wp\/v2\/types\/post"}],"author":[{"embeddable":true,"href":"https:\/\/fiaf.net\/veneto\/wp-json\/wp\/v2\/users\/3"}],"replies":[{"embeddable":true,"href":"https:\/\/fiaf.net\/veneto\/wp-json\/wp\/v2\/comments?post=4397"}],"version-history":[{"count":0,"href":"https:\/\/fiaf.net\/veneto\/wp-json\/wp\/v2\/posts\/4397\/revisions"}],"wp:attachment":[{"href":"https:\/\/fiaf.net\/veneto\/wp-json\/wp\/v2\/media?parent=4397"}],"wp:term":[{"taxonomy":"category","embeddable":true,"href":"https:\/\/fiaf.net\/veneto\/wp-json\/wp\/v2\/categories?post=4397"},{"taxonomy":"post_tag","embeddable":true,"href":"https:\/\/fiaf.net\/veneto\/wp-json\/wp\/v2\/tags?post=4397"}],"curies":[{"name":"wp","href":"https:\/\/api.w.org\/{rel}","templated":true}]}}