{"id":5044,"date":"2014-10-20T17:37:19","date_gmt":"2014-10-20T15:37:19","guid":{"rendered":"https:\/\/fiaf.net\/regioni\/veneto\/?p=5044"},"modified":"2014-10-20T17:37:19","modified_gmt":"2014-10-20T15:37:19","slug":"giovanni-marrozzini","status":"publish","type":"post","link":"https:\/\/fiaf.net\/veneto\/giovanni-marrozzini\/","title":{"rendered":"Giovanni Marrozzini"},"content":{"rendered":"<p><a href=\"https:\/\/fiaf.net\/regioni\/veneto\/wp-content\/uploads\/2014\/10\/Marozzini-WIDJET.jpg\"><img loading=\"lazy\" decoding=\"async\" class=\"aligncenter wp-image-5046\" src=\"https:\/\/fiaf.net\/regioni\/veneto\/wp-content\/uploads\/2014\/10\/Marozzini-WIDJET.jpg\" alt=\"Marozzini-WIDJET\" width=\"600\" height=\"219\" srcset=\"https:\/\/fiaf.net\/veneto\/wp-content\/uploads\/sites\/7\/2014\/10\/Marozzini-WIDJET.jpg 960w, https:\/\/fiaf.net\/veneto\/wp-content\/uploads\/sites\/7\/2014\/10\/Marozzini-WIDJET-300x109.jpg 300w, https:\/\/fiaf.net\/veneto\/wp-content\/uploads\/sites\/7\/2014\/10\/Marozzini-WIDJET-768x280.jpg 768w\" sizes=\"auto, (max-width: 600px) 100vw, 600px\" \/><\/a><br \/>\n<strong><span style=\"font-family: Arial\"><span style=\"font-size: small\">Marted\u00ec\u00a021 Ottobre 2014 \u2013 \u201cAutunno con la Fotografia\u201d\u00a0&#8211; 3. serata \u00a0(Chiesetta di Torre\u00a0&#8211; ore 21.00)<\/span><\/span><\/strong><\/p>\n<div><\/div>\n<div>\n<strong><span style=\"font-size: small\">Ospite: GIOVANNI MARROZZINI<\/span><span style=\"font-size: small\">\u201cOcchio sul Mondo\u201d<\/span><\/strong><span style=\"font-size: small\">Nasce a Fermo nel 1971, la prima volta. Rinasce a Malta nel 2001 per merito dell\u2019amico Andrea, che gli regala una poesia. Infine nasce in Zambia, dopo un attacco di malaria cerebrale, nel 2003. All\u2019inizio fotografa per caso; da dilettante fotografa per professione. Da professionista fotografa per passione e per necessit\u00e0 espressiva. Aiuta le storie che incontra a evadere dai labirinti, assecondando le loro richieste. In Argentina conosce la Fata Turchina, in Camerun incontra Mos\u00e9. Vive in camper per un anno, senza dar segni rilevanti di instabilit\u00e0 mentale (o almeno cos\u00ec gli pare). \u00c8 caparbio, istintuale, entusiasta. E possiede tre tesori: Mary, Leone e Francesco, in rigoroso ma provvisorio ordine di altezza. Ulisse, l\u2019amato cane, se ne \u00e8 andato per sempre quando il suo padrone \u00e8 tornato da <\/span><a href=\"http:\/\/www.itaca.me\/\" target=\"_blank\" rel=\"noopener\"><span style=\"font-size: small\">ITAca<\/span><\/a><span style=\"font-size: small\">.<\/span><\/p>\n<div><a href=\"http:\/\/www.marrozzini.com\/\" target=\"_blank\" rel=\"noopener\"><span style=\"font-size: small\">www.marrozzini.com<\/span><\/a><\/div>\n<\/div>\n\n    <div class=\"xs_social_share_widget xs_share_url after_content \t\tmain_content  wslu-style-1 wslu-share-box-shaped wslu-fill-colored wslu-none wslu-share-horizontal wslu-theme-font-no wslu-main_content\">\n\n\t\t\n        <ul>\n\t\t\t        <\/ul>\n    <\/div> \n","protected":false},"excerpt":{"rendered":"<p>Marted\u00ec\u00a021 Ottobre 2014 \u2013 \u201cAutunno con la Fotografia\u201d\u00a0&#8211; 3. serata \u00a0(Chiesetta di Torre\u00a0&#8211; ore 21.00) Ospite: GIOVANNI MARROZZINI\u201cOcchio sul Mondo\u201dNasce &hellip;<\/p>\n","protected":false},"author":3,"featured_media":0,"comment_status":"closed","ping_status":"closed","sticky":false,"template":"","format":"standard","meta":{"_acf_changed":false,"footnotes":""},"categories":[2],"tags":[48],"class_list":["post-5044","post","type-post","status-publish","format-standard","hentry","category-attivita-circoli","tag-vicenza"],"acf":[],"_links":{"self":[{"href":"https:\/\/fiaf.net\/veneto\/wp-json\/wp\/v2\/posts\/5044","targetHints":{"allow":["GET"]}}],"collection":[{"href":"https:\/\/fiaf.net\/veneto\/wp-json\/wp\/v2\/posts"}],"about":[{"href":"https:\/\/fiaf.net\/veneto\/wp-json\/wp\/v2\/types\/post"}],"author":[{"embeddable":true,"href":"https:\/\/fiaf.net\/veneto\/wp-json\/wp\/v2\/users\/3"}],"replies":[{"embeddable":true,"href":"https:\/\/fiaf.net\/veneto\/wp-json\/wp\/v2\/comments?post=5044"}],"version-history":[{"count":0,"href":"https:\/\/fiaf.net\/veneto\/wp-json\/wp\/v2\/posts\/5044\/revisions"}],"wp:attachment":[{"href":"https:\/\/fiaf.net\/veneto\/wp-json\/wp\/v2\/media?parent=5044"}],"wp:term":[{"taxonomy":"category","embeddable":true,"href":"https:\/\/fiaf.net\/veneto\/wp-json\/wp\/v2\/categories?post=5044"},{"taxonomy":"post_tag","embeddable":true,"href":"https:\/\/fiaf.net\/veneto\/wp-json\/wp\/v2\/tags?post=5044"}],"curies":[{"name":"wp","href":"https:\/\/api.w.org\/{rel}","templated":true}]}}