{"id":5989,"date":"2015-07-02T14:28:42","date_gmt":"2015-07-02T12:28:42","guid":{"rendered":"https:\/\/fiaf.net\/regioni\/veneto\/?p=5989"},"modified":"2015-07-02T14:28:42","modified_gmt":"2015-07-02T12:28:42","slug":"garda-photo-2015-romano-cicognani","status":"publish","type":"post","link":"https:\/\/fiaf.net\/veneto\/garda-photo-2015-romano-cicognani\/","title":{"rendered":"Garda Photo 2015 &lt; Romano Cicognani"},"content":{"rendered":"<p>Carissimi Fotoamatori, amici e simpatizzanti,  in collaborazione con l&#8217;Amministrazione Comunale di Garda e l&#8217;Associazione Albergatori di Garda e Costermano, \u00e8 organizzata per gioved\u00ec 9 luglio 2015 alle ore 21.15  la seconda serata di audiovisivi Garda Photo 2015. Ospite d&#8217;onore \u00e8 il fotografo Romano Cicognani; presso il cortile interno del Municipio di Garda proietteremo i suoi migliori audiovisivi.<br \/>\nLe serate successive sono previste il 16 agosto e il 3 settembre 2015; per ogni serata sar\u00e0 inviato il programma con gli autori e i titoli dell&#8217;audiovisivo.<br \/>\nIn caso di maltempo la proiezione si terr\u00e0 nell&#8217;adiacente sala consiliare.<br \/>\nSiete tutti invitati; l&#8217;ingresso \u00e8 libero. Estendete l&#8217;invito ad amici e simpatizzanti<br \/>\nIn allegato il programma.<br \/>\nTullio Sometti<br \/>\n<a href=\"https:\/\/fiaf.net\/regioni\/veneto\/wp-content\/uploads\/2015\/07\/garda-2015-serata-9-luglio.doc\">garda 2015 serata 9 luglio<\/a><\/p>\n\n    <div class=\"xs_social_share_widget xs_share_url after_content \t\tmain_content  wslu-style-1 wslu-share-box-shaped wslu-fill-colored wslu-none wslu-share-horizontal wslu-theme-font-no wslu-main_content\">\n\n\t\t\n        <ul>\n\t\t\t        <\/ul>\n    <\/div> \n","protected":false},"excerpt":{"rendered":"<p>Carissimi Fotoamatori, amici e simpatizzanti, in collaborazione con l&#8217;Amministrazione Comunale di Garda e l&#8217;Associazione Albergatori di Garda e Costermano, \u00e8 &hellip;<\/p>\n","protected":false},"author":3,"featured_media":3190,"comment_status":"closed","ping_status":"closed","sticky":false,"template":"","format":"standard","meta":{"_acf_changed":false,"footnotes":""},"categories":[2],"tags":[],"class_list":["post-5989","post","type-post","status-publish","format-standard","has-post-thumbnail","hentry","category-attivita-circoli"],"acf":[],"_links":{"self":[{"href":"https:\/\/fiaf.net\/veneto\/wp-json\/wp\/v2\/posts\/5989","targetHints":{"allow":["GET"]}}],"collection":[{"href":"https:\/\/fiaf.net\/veneto\/wp-json\/wp\/v2\/posts"}],"about":[{"href":"https:\/\/fiaf.net\/veneto\/wp-json\/wp\/v2\/types\/post"}],"author":[{"embeddable":true,"href":"https:\/\/fiaf.net\/veneto\/wp-json\/wp\/v2\/users\/3"}],"replies":[{"embeddable":true,"href":"https:\/\/fiaf.net\/veneto\/wp-json\/wp\/v2\/comments?post=5989"}],"version-history":[{"count":0,"href":"https:\/\/fiaf.net\/veneto\/wp-json\/wp\/v2\/posts\/5989\/revisions"}],"wp:featuredmedia":[{"embeddable":true,"href":"https:\/\/fiaf.net\/veneto\/wp-json\/wp\/v2\/media\/3190"}],"wp:attachment":[{"href":"https:\/\/fiaf.net\/veneto\/wp-json\/wp\/v2\/media?parent=5989"}],"wp:term":[{"taxonomy":"category","embeddable":true,"href":"https:\/\/fiaf.net\/veneto\/wp-json\/wp\/v2\/categories?post=5989"},{"taxonomy":"post_tag","embeddable":true,"href":"https:\/\/fiaf.net\/veneto\/wp-json\/wp\/v2\/tags?post=5989"}],"curies":[{"name":"wp","href":"https:\/\/api.w.org\/{rel}","templated":true}]}}