{"id":6521,"date":"2016-01-09T07:21:05","date_gmt":"2016-01-09T06:21:05","guid":{"rendered":"https:\/\/fiaf.net\/regioni\/veneto\/?p=6521"},"modified":"2016-01-09T07:21:05","modified_gmt":"2016-01-09T06:21:05","slug":"rovolon-fotografia-2015-10-01-16","status":"publish","type":"post","link":"https:\/\/fiaf.net\/veneto\/rovolon-fotografia-2015-10-01-16\/","title":{"rendered":"Rovolon Fotografia 2015 &gt; 31.01.16"},"content":{"rendered":"<p style=\"text-align: center\">** MANIFESTAZIONE PROROGATA AL 31 GENNAIO 2016 **<\/p>\n<p>ULTIMI GIORNI PER VEDERE<br \/>\n&#8220;ROVOLON FOTOGRAFIA 2015&#8221; dove<br \/>\nIl FOTOCLUB PADOVA \u00e8 presente con la mostra fotografica<br \/>\n&#8220;EUROPEADE 2012&#8221; c\/o il Centro Culturale<br \/>\n&#8220;A.PETTENELLA&#8221; Via Roma, BASTIA DI ROVOLON<br \/>\nA ROVOLON FOTOGRAFIA 2015 partecipano inoltre venti soci con una propria personale. Infati i soci Francesco Carmignoto, Stefano Casali, Mario Dal Molin, Viviana De Lucia, Luciano Fardiopanti, Daniele Finco, Ornella Francou, Carlo Galliotto, Pierluigi Golfetto, Maria Luisa Liviero, Mariarosa Montemezzo, Francesco Munaro, Rossella Padovani, Francesco Pertini, Gabriella Piccolo, Paola Ponchia, Gabriele Saggion, Gianni Sandon\u00e0, Cristina Sirinelli e Maria Elisa Zoccarato espongono nei negozi, bar, ristoranti della zona.<br \/>\n<img loading=\"lazy\" decoding=\"async\" class=\"aligncenter size-large wp-image-6522\" src=\"https:\/\/fiaf.net\/regioni\/veneto\/wp-content\/uploads\/2016\/01\/rovolon-fotografia-2015-DSC_2589-1-683x1024.jpg\" alt=\"rovolon fotografia 2015 DSC_2589-1\" width=\"683\" height=\"1024\" \/><br \/>\n<img loading=\"lazy\" decoding=\"async\" class=\"aligncenter size-large wp-image-6523\" src=\"https:\/\/fiaf.net\/regioni\/veneto\/wp-content\/uploads\/2016\/01\/rovolon-fotografia-2015-MRM_8006-1-1024x683.jpg\" alt=\"rovolon fotografia 2015 MRM_8006-1\" width=\"1024\" height=\"683\" \/><br \/>\nROVOLON FOTOGRAFIA 2015 \u00e8 alla seconda edizione.<br \/>\nUnica manifestazione di questo tipo per la provincia di Padova.<br \/>\nLe mostre quest&#8217;anno sono arrivate a 29, nonostante qualche esercente abbia dovuto chiudere. Speriamo invece per loro che questo evento porti a Rovolon-Bastia appassionati di fotografia dalle cittadine vicine.Per i fotografi invece l&#8217;auspicio \u00e8 che portando la fotografia in sedi di tutti i giorni, nascano interessi o curiosit\u00e0 positive verso l&#8217;Arte Fotografica, un mezzo di comunicazione cos\u00ec universale che tutti gli abitanti del mondo possono capire questo linguaggio.<br \/>\nPeriodo di esposizione dal 13 dicembre 2015 al 10 gennaio 2016<br \/>\n<a href=\"https:\/\/fiaf.net\/regioni\/veneto\/wp-content\/uploads\/2016\/01\/rovolon-fotografia-2015.pdf\" rel=\"\">rovolon fotografia 2015<\/a><\/p>\n\n    <div class=\"xs_social_share_widget xs_share_url after_content \t\tmain_content  wslu-style-1 wslu-share-box-shaped wslu-fill-colored wslu-none wslu-share-horizontal wslu-theme-font-no wslu-main_content\">\n\n\t\t\n        <ul>\n\t\t\t        <\/ul>\n    <\/div> \n","protected":false},"excerpt":{"rendered":"<p>** MANIFESTAZIONE PROROGATA AL 31 GENNAIO 2016 ** ULTIMI GIORNI PER VEDERE &#8220;ROVOLON FOTOGRAFIA 2015&#8221; dove Il FOTOCLUB PADOVA \u00e8 &hellip;<\/p>\n","protected":false},"author":3,"featured_media":0,"comment_status":"closed","ping_status":"closed","sticky":false,"template":"","format":"standard","meta":{"_acf_changed":false,"footnotes":""},"categories":[2,12,13],"tags":[36],"class_list":["post-6521","post","type-post","status-publish","format-standard","hentry","category-attivita-circoli","category-manifestazioni","category-mostre","tag-padova"],"acf":[],"_links":{"self":[{"href":"https:\/\/fiaf.net\/veneto\/wp-json\/wp\/v2\/posts\/6521","targetHints":{"allow":["GET"]}}],"collection":[{"href":"https:\/\/fiaf.net\/veneto\/wp-json\/wp\/v2\/posts"}],"about":[{"href":"https:\/\/fiaf.net\/veneto\/wp-json\/wp\/v2\/types\/post"}],"author":[{"embeddable":true,"href":"https:\/\/fiaf.net\/veneto\/wp-json\/wp\/v2\/users\/3"}],"replies":[{"embeddable":true,"href":"https:\/\/fiaf.net\/veneto\/wp-json\/wp\/v2\/comments?post=6521"}],"version-history":[{"count":0,"href":"https:\/\/fiaf.net\/veneto\/wp-json\/wp\/v2\/posts\/6521\/revisions"}],"wp:attachment":[{"href":"https:\/\/fiaf.net\/veneto\/wp-json\/wp\/v2\/media?parent=6521"}],"wp:term":[{"taxonomy":"category","embeddable":true,"href":"https:\/\/fiaf.net\/veneto\/wp-json\/wp\/v2\/categories?post=6521"},{"taxonomy":"post_tag","embeddable":true,"href":"https:\/\/fiaf.net\/veneto\/wp-json\/wp\/v2\/tags?post=6521"}],"curies":[{"name":"wp","href":"https:\/\/api.w.org\/{rel}","templated":true}]}}