{"id":6748,"date":"2016-03-01T14:17:45","date_gmt":"2016-03-01T13:17:45","guid":{"rendered":"https:\/\/fiaf.net\/regioni\/veneto\/?p=6748"},"modified":"2016-03-01T14:17:45","modified_gmt":"2016-03-01T13:17:45","slug":"lettura-portfolio-tre-oci-la-gondola","status":"publish","type":"post","link":"https:\/\/fiaf.net\/veneto\/lettura-portfolio-tre-oci-la-gondola\/","title":{"rendered":"Lettura Portfolio &gt; Tre Oci + La Gondola"},"content":{"rendered":"<p><img loading=\"lazy\" decoding=\"async\" class=\"alignright wp-image-6750\" src=\"https:\/\/fiaf.net\/regioni\/veneto\/wp-content\/uploads\/2016\/03\/Schermata-2016-03-01-alle-14.24.46.png\" alt=\"Schermata 2016-03-01 alle 14.24.46\" width=\"400\" height=\"398\" srcset=\"https:\/\/fiaf.net\/veneto\/wp-content\/uploads\/sites\/7\/2016\/03\/Schermata-2016-03-01-alle-14.24.46.png 830w, https:\/\/fiaf.net\/veneto\/wp-content\/uploads\/sites\/7\/2016\/03\/Schermata-2016-03-01-alle-14.24.46-300x300.png 300w, https:\/\/fiaf.net\/veneto\/wp-content\/uploads\/sites\/7\/2016\/03\/Schermata-2016-03-01-alle-14.24.46-150x150.png 150w, https:\/\/fiaf.net\/veneto\/wp-content\/uploads\/sites\/7\/2016\/03\/Schermata-2016-03-01-alle-14.24.46-768x764.png 768w\" sizes=\"auto, (max-width: 400px) 100vw, 400px\" \/>Sabato 12 marzo 2016, Lettura Portfolio ai TRE OCI (Venezia, Giudecca).<br \/>\nCasa dei Tre Oci &amp; Il Circolo Fotografico La Gondola<br \/>\nLa lettura si tiene sabato 12 marzo ore 10-13 e 14-16.30. Proclamazione vincitori entro le 17.30.<br \/>\nIl tema<br \/>\n\u201c<strong>NOW \u2013 Tendenze della fotografia contemporanea<\/strong>\u201d<br \/>\nvuole suggerire una verifica sull&#8217;attuale orientamento della fotografia liberata dai vincoli della tradizione e dei mezzi classici di riproduzione ; una fotografia che sia testimonianza delle incertezze e delle insicurezze del vivere contemporaneo e al tempo stesso s&#8217;incarichi di cercare possibili nuovi orizzonti, specie tra i giovani, in grado di creare speranza in un momento cos\u00ec travagliato della nostra storia.<br \/>\nPossono partecipare tutti i fotografi di entrambi i sessi che invieranno l\u2019adesione entro il 5 marzo 2016 e fino ad esaurimento degli orari di lettura. Sar\u00e0 particolarmente gradita la presenza di fotografi di et\u00e0 non superiore ai trent&#8217;anni, ai quali potr\u00e0 essere riservato uno dei tre posti della selezione.<br \/>\nL\u2019iscrizione pu\u00f2 avvenire inviando via e-mail a info@treoci.org copia del modulo di partecipazione scaricabile a fondo pagina o, in caso di impossibilit\u00e0, per iscritto al momento dell\u2019arrivo dell\u2019autore (previa prenotazione e fino ad esaurimento degli orari di lettura). La partecipazione \u00e8 compresa nel pagamento del biglietto d&#8217;ingresso alla mostra in corso Tre Oci Tre Mostre (intero 7 \u20ac, ridotto 5 \u20ac).<br \/>\nI lettori saranno divisi in due gruppi cos\u00ec composti :<br \/>\nGuido Cecere (docente e storico della fotografia), Maurizio Trifilidis (fotografo, socio del CF La Gondola), Fabrizio Brugnaro ( fotografo, socio del CF La Gondola)<br \/>\nMarco Maria Zanin (fotografo professionista), Matteo Miotto (fotografo, socio del CF La Gondola), Paola Casanova (fotografa, socia del CF La Gondola).<br \/>\nL&#8217;autore potr\u00e0 sottoporre il proprio portfolio, composto da massimo 20 immagini, a uno o a entrambi i gruppi di lettori indicando la primaria preferenza; la seconda lettura potr\u00e0 non essere effettuata qualora la tempistica non lo consenta. L&#8217;autore ne verr\u00e0 previamente informato. Gli incontri avranno la durata massima di 20 minuti e saranno aperti al pubblico.<br \/>\nAlcune immagini dei portfolio vincitori potranno eventualmente partecipare ad una mostra assieme ai Soci del Circolo La Gondola in data e luogo da stabilire e saranno selezionati tre lavori in previsione di una eventuale esposizione presso la Casa dei Tre Oci.<br \/>\nL&#8217;organizzazione si riserva il diritto di annullare la lettura nel caso di mancato raggiungimento del numero minimo di 15 partecipanti.<br \/>\nIscrizioni e regolamento su<br \/>\n<a href=\"http:\/\/www.treoci.org\/index.php\/news-eventi\/item\/190-now-lettura-portfolio\" target=\"_blank\" rel=\"noopener\">http:\/\/www.treoci.org\/index.php\/news-eventi\/item\/190-now-lettura-portfolio<\/a><\/p>\n\n    <div class=\"xs_social_share_widget xs_share_url after_content \t\tmain_content  wslu-style-1 wslu-share-box-shaped wslu-fill-colored wslu-none wslu-share-horizontal wslu-theme-font-no wslu-main_content\">\n\n\t\t\n        <ul>\n\t\t\t        <\/ul>\n    <\/div> \n","protected":false},"excerpt":{"rendered":"<p>Sabato 12 marzo 2016, Lettura Portfolio ai TRE OCI (Venezia, Giudecca). Casa dei Tre Oci &amp; Il Circolo Fotografico La &hellip;<\/p>\n","protected":false},"author":3,"featured_media":0,"comment_status":"closed","ping_status":"closed","sticky":false,"template":"","format":"standard","meta":{"_acf_changed":false,"footnotes":""},"categories":[2,11],"tags":[],"class_list":["post-6748","post","type-post","status-publish","format-standard","hentry","category-attivita-circoli","category-letture-portfolio"],"acf":[],"_links":{"self":[{"href":"https:\/\/fiaf.net\/veneto\/wp-json\/wp\/v2\/posts\/6748","targetHints":{"allow":["GET"]}}],"collection":[{"href":"https:\/\/fiaf.net\/veneto\/wp-json\/wp\/v2\/posts"}],"about":[{"href":"https:\/\/fiaf.net\/veneto\/wp-json\/wp\/v2\/types\/post"}],"author":[{"embeddable":true,"href":"https:\/\/fiaf.net\/veneto\/wp-json\/wp\/v2\/users\/3"}],"replies":[{"embeddable":true,"href":"https:\/\/fiaf.net\/veneto\/wp-json\/wp\/v2\/comments?post=6748"}],"version-history":[{"count":0,"href":"https:\/\/fiaf.net\/veneto\/wp-json\/wp\/v2\/posts\/6748\/revisions"}],"wp:attachment":[{"href":"https:\/\/fiaf.net\/veneto\/wp-json\/wp\/v2\/media?parent=6748"}],"wp:term":[{"taxonomy":"category","embeddable":true,"href":"https:\/\/fiaf.net\/veneto\/wp-json\/wp\/v2\/categories?post=6748"},{"taxonomy":"post_tag","embeddable":true,"href":"https:\/\/fiaf.net\/veneto\/wp-json\/wp\/v2\/tags?post=6748"}],"curies":[{"name":"wp","href":"https:\/\/api.w.org\/{rel}","templated":true}]}}