{"id":7903,"date":"2017-04-01T22:17:06","date_gmt":"2017-04-01T20:17:06","guid":{"rendered":"https:\/\/fiaf.net\/regioni\/veneto\/?p=7903"},"modified":"2017-04-01T22:17:06","modified_gmt":"2017-04-01T20:17:06","slug":"roberto-bartoloni-a-schio-7-4-2017","status":"publish","type":"post","link":"https:\/\/fiaf.net\/veneto\/roberto-bartoloni-a-schio-7-4-2017\/","title":{"rendered":"Roberto Bartoloni a Schio 7.4.2017"},"content":{"rendered":"<blockquote>\n<p style=\"text-align: center\"><span style=\"color: #993300\">I am Roberto<\/span><\/p>\n<p style=\"text-align: center\"><span style=\"color: #993300\">I take Photos<\/span><\/p>\n<p style=\"text-align: center\"><span style=\"color: #993300\">I live in Italy<\/span><\/p>\n<\/blockquote>\n<p style=\"text-align: left\">Questa \u00e8 la sobria presentazione che Roberto Bartoloni fa di s\u00e9 stesso.<\/p>\n<p style=\"text-align: left\">Basta per\u00f2 guardare alcune foto per capire che forse bisognerebbe spendere qualche parola in pi\u00f9 per descrivere il suo lavoro. Ed allora vediamo questa foto che riesce a prendere l&#8217;istante in cui l&#8217;uccello si tuffa verso il suo obiettivo con le ali semiaperte, la coda rialzata il becco gi\u00e0 pronto a catturare la sua preda e, particolare decisivo, in alto il ramo da cui \u00e8 partito. Ha catturato l&#8217;attimo e la foto \u00e8 perfetta, perfino nitida a discapito della velocit\u00e0.<\/p>\n<p style=\"text-align: left\"><img loading=\"lazy\" decoding=\"async\" class=\" size-full wp-image-9664 aligncenter\" src=\"https:\/\/circolofotografico.files.wordpress.com\/2017\/04\/bartolonig95r9471.jpg?w=427\" alt=\"BartoloniG95R9471.jpg\" width=\"427\" height=\"640\" data-wpmedia-src=\"https:\/\/circolofotografico.files.wordpress.com\/2017\/04\/bartolonig95r9471.jpg\" \/><\/p>\n<p style=\"text-align: left\">Prendiamo ora questa foto per niente dinamica, una volpe, raggomitolata su s\u00e9 stessa in un biancore glaciale, il muso infilato nel tepore della sua pelle, guarda il fotografo con occhio interrogativo: mi far\u00e0 del male? Questa la domanda cui la volpe ha gi\u00e0 risposto. Foto diventata icona del suo lavoro e riproposta nelle locandine delle sue mostre.<\/p>\n<p style=\"text-align: left\"><img loading=\"lazy\" decoding=\"async\" class=\"alignnone size-full wp-image-9676\" src=\"https:\/\/circolofotografico.files.wordpress.com\/2017\/04\/7z8a7858-copia.jpg?w=680\" alt=\"7Z8A7858 copia.jpg\" width=\"800\" height=\"533\" data-wpmedia-src=\"https:\/\/circolofotografico.files.wordpress.com\/2017\/04\/7z8a7858-copia.jpg\" \/><\/p>\n<p style=\"text-align: left\">La qualit\u00e0 delle sue foto si fonde con l&#8217;interesse per la natura.<\/p>\n<h1 style=\"text-align: left\">Un geologo<\/h1>\n<p>Roberto Bartoloni \u00e8 geologo, studia le forme antiche della terra, forme che si sono plasmate prima che vi fossero mammiferi sulla sua superficie.<br \/>\nHa preso parte a diverse spedizioni paleontologiche in Europa ed Africa, per conto delle <strong>Universit\u00e0 di Bologna<\/strong> e di <strong>Utrecht<\/strong>.<br \/>\nE&#8217; stato insegnante di Scienze e Matematica.<br \/>\nDa circa venti anni \u00e8 il <strong>Delegato <a href=\"http:\/\/www.lipu.it\/\" target=\"_blank\" rel=\"noopener\">LIPU<\/a><\/strong> della sezione di San Don\u00e0 di Piave in provincia di Venezia.<br \/>\nHa viaggiato per anni in Italia , in Europa, in Asia, in Africa e nelle Americhe avendo sempre come scopo la ricerca fotografica e documentativa dei pi\u00f9 importanti siti naturalistici. Ha allestito numerose mostre ed ha collaborato con parecchie riviste di natura. Ha tenuto corsi di foto-naturalistica, dei quali uno presso l&#8217;Universit\u00e0 di Trieste.<br \/>\n<img loading=\"lazy\" decoding=\"async\" class=\"size-full wp-image-9700 aligncenter\" src=\"https:\/\/circolofotografico.files.wordpress.com\/2017\/04\/bartolonig95r9413.jpg?w=640\" alt=\"BartoloniG95R9413.jpg\" width=\"640\" height=\"427\" data-wpmedia-src=\"https:\/\/circolofotografico.files.wordpress.com\/2017\/04\/bartolonig95r9413.jpg\" \/><br \/>\n<img loading=\"lazy\" decoding=\"async\" class=\"size-full wp-image-9701 aligncenter\" src=\"https:\/\/circolofotografico.files.wordpress.com\/2017\/04\/bartolonig95r4145.jpg?w=640\" alt=\"BartoloniG95R4145.jpg\" width=\"640\" height=\"426\" data-wpmedia-src=\"https:\/\/circolofotografico.files.wordpress.com\/2017\/04\/bartolonig95r4145.jpg\" \/><br \/>\n<img loading=\"lazy\" decoding=\"async\" class=\"size-full wp-image-9702 aligncenter\" src=\"https:\/\/circolofotografico.files.wordpress.com\/2017\/04\/bartolonig95r7290.jpg?w=640\" alt=\"BartoloniG95R7290.jpg\" width=\"640\" height=\"426\" data-wpmedia-src=\"https:\/\/circolofotografico.files.wordpress.com\/2017\/04\/bartolonig95r7290.jpg\" \/><br \/>\n<img loading=\"lazy\" decoding=\"async\" class=\"size-full wp-image-9704 aligncenter\" src=\"https:\/\/circolofotografico.files.wordpress.com\/2017\/04\/bartolonig95r8540.jpg?w=640\" alt=\"BartoloniG95R8540.jpg\" width=\"640\" height=\"426\" data-wpmedia-src=\"https:\/\/circolofotografico.files.wordpress.com\/2017\/04\/bartolonig95r8540.jpg\" \/><\/p>\n<h1>Un&#8217;amicizia<\/h1>\n<p><a href=\"https:\/\/it.wikipedia.org\/wiki\/Danilo_Mainardi\" target=\"_blank\" rel=\"noopener\">D\u00e0nilo Mainardi<\/a>, famoso etologo recentemente scomparso, scrivendo di lui\u00a0 lo paragonava ai fotografi ottocenteschi<\/p>\n<blockquote><p><span style=\"color: #993300\"><em>\u201carmato di un occhio, l\u2019apparecchio fotografico, che\u00a0 catturava immagini, atteggiamenti e gesti con rapidit\u00e0 e precisione straordinarie, ma soprattutto dotato di una capacit\u00e0 di penetrazione dei sensi da vero romanziere naturale che, con il fiuto di un cane da caccia, immagazzinava dal mattino alla sera informazioni\u201d.\u00a0\u00a0\u00a0 <\/em><\/span><br \/>\n<span style=\"color: #993300\"><em>\u00a0 Ecco, io lo vedo cos\u00ec il mio amico Roberto, seppure armato, com\u2019\u00e8 ovvio, d\u2019un \u201cocchio\u201d ben pi\u00f9 sofisticato che non quei primitivi apparecchi ottocenteschi. Ma ci\u00f2 che soprattutto vedo in lui, o meglio intuisco dalla sua opera, \u00e8 la capacit\u00e0 di narrazione e di coinvolgimento che pu\u00f2 esprimere una sequenza di immagini <strong>se \u201cviste\u201d, per\u00f2, dalla persona giusta, cio\u00e8 sensibile e competente<\/strong>. Un viaggio che vediamo con i suoi occhi, o meglio ancora col suo\u201dterzo occhio\u201d. Viaggio all\u2019interno di una natura straordinaria: dalle Everglades al Bosque del Apache, al Colorado Plateau, al paesino canadese di Churchill coi suoi orsi bianchi e le sue volpi. <\/em><\/span><br \/>\n<span style=\"color: #993300\"><em>S\u00ec, anche cos\u00ec si pu\u00f2 fare un viaggio, ma solo se il fotografo diviene narratore, dispensatore generoso delle sue esperienze.<\/em><\/span><\/p><\/blockquote>\n<h1>Viaggiare<\/h1>\n<p>Ha viaggiato in Europa e poi nei paesi extraeuropei alla scoperta dei siti naturalistici pi\u00f9 interessanti. I suoi portfoli spaziano, dalla Tanzania al Kenia, alla Florida, al Canada e Brasile, al Sud Africa e ancora altrove.<br \/>\nSe volete, potete vederli qui: <a href=\"http:\/\/www.robertobartoloni.com\/index.php\/projects\" target=\"_blank\" rel=\"noopener\">http:\/\/www.robertobartoloni.com\/index.php\/projects.<\/a><br \/>\n<img loading=\"lazy\" decoding=\"async\" class=\"size-full wp-image-9715 aligncenter\" src=\"https:\/\/circolofotografico.files.wordpress.com\/2017\/04\/bartoloni7z8a1141.jpg?w=640\" alt=\"Bartoloni7Z8A1141.jpg\" width=\"640\" height=\"426\" data-wpmedia-src=\"https:\/\/circolofotografico.files.wordpress.com\/2017\/04\/bartoloni7z8a1141.jpg\" \/><br \/>\n<img loading=\"lazy\" decoding=\"async\" class=\"size-full wp-image-9717 aligncenter\" src=\"https:\/\/circolofotografico.files.wordpress.com\/2017\/04\/bartoloni7z8a1296.jpg?w=640\" alt=\"Bartoloni7Z8A1296.jpg\" width=\"640\" height=\"427\" data-wpmedia-src=\"https:\/\/circolofotografico.files.wordpress.com\/2017\/04\/bartoloni7z8a1296.jpg\" \/><br \/>\n<img loading=\"lazy\" decoding=\"async\" class=\"size-full wp-image-9719 aligncenter\" src=\"https:\/\/circolofotografico.files.wordpress.com\/2017\/04\/bartolonig95r2891.jpg?w=640\" alt=\"BartoloniG95R2891.jpg\" width=\"640\" height=\"406\" data-wpmedia-src=\"https:\/\/circolofotografico.files.wordpress.com\/2017\/04\/bartolonig95r2891.jpg\" \/><br \/>\n<img loading=\"lazy\" decoding=\"async\" class=\"size-full wp-image-9721 aligncenter\" src=\"https:\/\/circolofotografico.files.wordpress.com\/2017\/04\/bartolonig95r3425.jpg?w=640\" alt=\"BartoloniG95R3425.jpg\" width=\"640\" height=\"426\" data-wpmedia-src=\"https:\/\/circolofotografico.files.wordpress.com\/2017\/04\/bartolonig95r3425.jpg\" \/><\/p>\n<h1>Libri<\/h1>\n<p>Con la messe di fotografie realizzate, ha pubblicato pi\u00f9 di un libro:<\/p>\n<ul>\n<li>nel 2012 \u201c<strong>Splendida natura del Nord-America<\/strong>\u201d<\/li>\n<li>nel 2014 \u201c<strong>Splendida natura d&#8217;Africa<\/strong>\u201d ;<\/li>\n<li>Nel 2017 \u00e8 appena uscito il terzo \u201c<strong>Splendida natura d&#8217;Europa<\/strong>\u201d<\/li>\n<\/ul>\n<p><img loading=\"lazy\" decoding=\"async\" class=\"alignnone size-full wp-image-9728\" src=\"https:\/\/circolofotografico.files.wordpress.com\/2017\/04\/copertina_splendida_natura_europa-copia.jpg?w=680\" alt=\"COPERTINA_SPLENDIDA_NATURA_EUROPA copia.jpg\" width=\"800\" height=\"800\" data-wpmedia-src=\"https:\/\/circolofotografico.files.wordpress.com\/2017\/04\/copertina_splendida_natura_europa-copia.jpg\" \/><br \/>\nIl libro tratta cinque aree naturalistiche del nostro continente :<\/p>\n<ul>\n<li>\u00a0le <strong>lagune venete<\/strong>; in particolar modo l&#8217;avifauna.<\/li>\n<li>il parco tedesco di <strong>Bayerischer Wald<\/strong>; dove in un ambiente controllato si possono vedere tutti i grandi mammiferi europei;<\/li>\n<li>il tratto alpino del <strong>fiume Isonzo<\/strong> in Slovenia;<\/li>\n<li>la fioritura estiva del <strong>Piano Grande di Castelluccio di Norcia<\/strong> (PG); un omaggio ad un posto mitico che ora non c&#8217;\u00e8 pi\u00f9;<\/li>\n<li>la riserva della cicogna bianca di <strong>Marchegg<\/strong> in Austria. Si tratta di una foresta allagata dove le cicogne, e altri uccelli, nidificano sulle grandi querce.<\/li>\n<\/ul>\n<h1>A Schio<\/h1>\n<p>Venerd\u00ec 7 aprile Roberto Bartoloni verr\u00e0 nella nostra sede al Castello di Schio, mostrer\u00e0 le sue foto e presenter\u00e0 il suo libro. Se siete curiosi vi aspettiamo.<br \/>\n<img loading=\"lazy\" decoding=\"async\" class=\"size-full wp-image-9739 aligncenter\" src=\"https:\/\/circolofotografico.files.wordpress.com\/2017\/04\/bartoloni-castello-schio.jpeg?w=680\" alt=\"bartoloni-castello-schio.jpeg\" width=\"800\" height=\"564\" data-wpmedia-src=\"https:\/\/circolofotografico.files.wordpress.com\/2017\/04\/bartoloni-castello-schio.jpeg\" \/><\/p>\n<hr \/>\n<p>Vedi anche <a href=\"http:\/\/www.robertobartoloni.com\/\" target=\"_blank\" rel=\"noopener\">http:\/\/www.robertobartoloni.com\/<\/a><\/p>\n\n    <div class=\"xs_social_share_widget xs_share_url after_content \t\tmain_content  wslu-style-1 wslu-share-box-shaped wslu-fill-colored wslu-none wslu-share-horizontal wslu-theme-font-no wslu-main_content\">\n\n\t\t\n        <ul>\n\t\t\t        <\/ul>\n    <\/div> \n","protected":false},"excerpt":{"rendered":"<p>I am Roberto I take Photos I live in Italy Questa \u00e8 la sobria presentazione che Roberto Bartoloni fa di &hellip;<\/p>\n","protected":false},"author":3,"featured_media":0,"comment_status":"closed","ping_status":"closed","sticky":false,"template":"","format":"standard","meta":{"_acf_changed":false,"footnotes":""},"categories":[2],"tags":[],"class_list":["post-7903","post","type-post","status-publish","format-standard","hentry","category-attivita-circoli"],"acf":[],"_links":{"self":[{"href":"https:\/\/fiaf.net\/veneto\/wp-json\/wp\/v2\/posts\/7903","targetHints":{"allow":["GET"]}}],"collection":[{"href":"https:\/\/fiaf.net\/veneto\/wp-json\/wp\/v2\/posts"}],"about":[{"href":"https:\/\/fiaf.net\/veneto\/wp-json\/wp\/v2\/types\/post"}],"author":[{"embeddable":true,"href":"https:\/\/fiaf.net\/veneto\/wp-json\/wp\/v2\/users\/3"}],"replies":[{"embeddable":true,"href":"https:\/\/fiaf.net\/veneto\/wp-json\/wp\/v2\/comments?post=7903"}],"version-history":[{"count":0,"href":"https:\/\/fiaf.net\/veneto\/wp-json\/wp\/v2\/posts\/7903\/revisions"}],"wp:attachment":[{"href":"https:\/\/fiaf.net\/veneto\/wp-json\/wp\/v2\/media?parent=7903"}],"wp:term":[{"taxonomy":"category","embeddable":true,"href":"https:\/\/fiaf.net\/veneto\/wp-json\/wp\/v2\/categories?post=7903"},{"taxonomy":"post_tag","embeddable":true,"href":"https:\/\/fiaf.net\/veneto\/wp-json\/wp\/v2\/tags?post=7903"}],"curies":[{"name":"wp","href":"https:\/\/api.w.org\/{rel}","templated":true}]}}