{"id":8335,"date":"2017-07-22T13:01:54","date_gmt":"2017-07-22T11:01:54","guid":{"rendered":"https:\/\/fiaf.net\/regioni\/veneto\/?p=8335"},"modified":"2017-07-22T13:01:54","modified_gmt":"2017-07-22T11:01:54","slug":"costellazioni-_-silvio-canini-_-galleria-fiaf-garda","status":"publish","type":"post","link":"https:\/\/fiaf.net\/veneto\/costellazioni-_-silvio-canini-_-galleria-fiaf-garda\/","title":{"rendered":"Costellazioni _ Silvio Canini _ Galleria FIAF Garda"},"content":{"rendered":"<p><img loading=\"lazy\" decoding=\"async\" class=\"aligncenter wp-image-8337\" src=\"https:\/\/fiaf.net\/veneto\/wp-content\/uploads\/sites\/7\/2017\/07\/Silvio-Canini-Costellazioni-gf-Lo-Scatto-Garda-2017-724x1024.png\" alt=\"Silvio Canini Costellazioni gf Lo Scatto Garda 2017\" width=\"565\" height=\"799\" \/><br \/>\nCarissimi fotoamatori, amici e simpatizzanti presso Palazzo Pincini Carlotti in Garda (VR) sar\u00e0 inaugurata sabato 22 luglio  2017 alle ore 18:30 la mostra fotografica &#8220;COSTELLAZIONI&#8221; di Silvio Canini. La mostra rester\u00e0 aperta fino  a marted\u00ec 15 agosto 2017 nei giorni di venerd\u00ec, sabato e domenica dalle ore 19:00 alle 22:00.<br \/>\nAll&#8217;inaugurazione sar\u00e0 presente l&#8217;autore Silvio Canini.<br \/>\nL&#8217;entrata \u00e8 libera.<br \/>\nEstendete l&#8217;invito ad altri fotoamatori ed amici.<br \/>\nVi allego locandina con presentazione dell&#8217;autore e della mostra.<br \/>\nCordiali saluti.<br \/>\nTullio Sometti<br \/>\n. Allegato _ <a href=\"https:\/\/fiaf.net\/veneto\/wp-content\/uploads\/sites\/7\/2017\/07\/Silvio-Canini-Costellazioni-gf-Lo-Scatto-Garda-2017.pdf\" rel=\"\">Silvio Canini Costellazioni gf Lo Scatto Garda 2017<\/a><br \/>\nGruppo Fotografico Lo Scatto BFI<br \/>\nVia S. Francesco d&#8217;Assisi 3\/5 _ 37016 GARDA VR<br \/>\nEmail: gf.loscatto@gmail.com  _ www.gfloscattogarda.it<\/p>\n\n    <div class=\"xs_social_share_widget xs_share_url after_content \t\tmain_content  wslu-style-1 wslu-share-box-shaped wslu-fill-colored wslu-none wslu-share-horizontal wslu-theme-font-no wslu-main_content\">\n\n\t\t\n        <ul>\n\t\t\t        <\/ul>\n    <\/div> \n","protected":false},"excerpt":{"rendered":"<p>Carissimi fotoamatori, amici e simpatizzanti presso Palazzo Pincini Carlotti in Garda (VR) sar\u00e0 inaugurata sabato 22 luglio 2017 alle ore &hellip;<\/p>\n","protected":false},"author":3,"featured_media":0,"comment_status":"closed","ping_status":"closed","sticky":false,"template":"","format":"standard","meta":{"_acf_changed":false,"footnotes":""},"categories":[13],"tags":[],"class_list":["post-8335","post","type-post","status-publish","format-standard","hentry","category-mostre"],"acf":[],"_links":{"self":[{"href":"https:\/\/fiaf.net\/veneto\/wp-json\/wp\/v2\/posts\/8335","targetHints":{"allow":["GET"]}}],"collection":[{"href":"https:\/\/fiaf.net\/veneto\/wp-json\/wp\/v2\/posts"}],"about":[{"href":"https:\/\/fiaf.net\/veneto\/wp-json\/wp\/v2\/types\/post"}],"author":[{"embeddable":true,"href":"https:\/\/fiaf.net\/veneto\/wp-json\/wp\/v2\/users\/3"}],"replies":[{"embeddable":true,"href":"https:\/\/fiaf.net\/veneto\/wp-json\/wp\/v2\/comments?post=8335"}],"version-history":[{"count":0,"href":"https:\/\/fiaf.net\/veneto\/wp-json\/wp\/v2\/posts\/8335\/revisions"}],"wp:attachment":[{"href":"https:\/\/fiaf.net\/veneto\/wp-json\/wp\/v2\/media?parent=8335"}],"wp:term":[{"taxonomy":"category","embeddable":true,"href":"https:\/\/fiaf.net\/veneto\/wp-json\/wp\/v2\/categories?post=8335"},{"taxonomy":"post_tag","embeddable":true,"href":"https:\/\/fiaf.net\/veneto\/wp-json\/wp\/v2\/tags?post=8335"}],"curies":[{"name":"wp","href":"https:\/\/api.w.org\/{rel}","templated":true}]}}