{"id":8711,"date":"2017-11-18T11:08:00","date_gmt":"2017-11-18T10:08:00","guid":{"rendered":"https:\/\/fiaf.net\/regioni\/veneto\/?p=8711"},"modified":"2017-11-18T11:08:00","modified_gmt":"2017-11-18T10:08:00","slug":"confini-14-dolo","status":"publish","type":"post","link":"https:\/\/fiaf.net\/veneto\/confini-14-dolo\/","title":{"rendered":"Confini 14 &gt; Dolo"},"content":{"rendered":"<p><img loading=\"lazy\" decoding=\"async\" class=\"aligncenter wp-image-8712\" src=\"https:\/\/fiaf.net\/veneto\/wp-content\/uploads\/sites\/7\/2017\/11\/Dolo-Confini-14-Villa-Concina-nov-dic-2017-723x1024.jpg\" alt=\"20170920_CFO_A3_v20171027_ST.indd\" width=\"565\" height=\"800\" srcset=\"https:\/\/fiaf.net\/veneto\/wp-content\/uploads\/sites\/7\/2017\/11\/Dolo-Confini-14-Villa-Concina-nov-dic-2017-723x1024.jpg 723w, https:\/\/fiaf.net\/veneto\/wp-content\/uploads\/sites\/7\/2017\/11\/Dolo-Confini-14-Villa-Concina-nov-dic-2017-212x300.jpg 212w, https:\/\/fiaf.net\/veneto\/wp-content\/uploads\/sites\/7\/2017\/11\/Dolo-Confini-14-Villa-Concina-nov-dic-2017-768x1088.jpg 768w, https:\/\/fiaf.net\/veneto\/wp-content\/uploads\/sites\/7\/2017\/11\/Dolo-Confini-14-Villa-Concina-nov-dic-2017.jpg 843w\" sizes=\"auto, (max-width: 565px) 100vw, 565px\" \/><br \/>\nPortiamo a conoscenza degli appassionati di\u00a0Fotografia che la mostra <strong>Confini 14<\/strong>\u00a0si terr\u00e0 a Dolo (Venezia) nelle sale della <strong>Barchessa di Villa Concina<\/strong> in via comunetto 5, con la collaborazione dell&#8217;Assesorato alla cultura del Comune di Dolo e del Circolo Fotografico l&#8217;Obiettivo BFI FIAF . La mostra durer\u00e0 fino al 5 dicembre con orario 15:30 &#8211; 18:30 nei giorni di gioved\u00ec, venerd\u00ec, sabato e domenica. La mostra gode del <strong>Riconoscimento FIAF<\/strong> F32\/2017.<br \/>\nSiete tutti invitati all&#8217;inaugurazione di sabato 25 novembre alle ore 17:30<br \/>\nseguir\u00e0 un buffet . Si allega la locandina dell&#8217;evento.<br \/>\nCordiali saluti<br \/>\nCircolo Fotografico l&#8217;Obiettivo<br \/>\nIl Presidente<br \/>\nGianpaolo Prando BFI AFIAP<br \/>\n&nbsp;<br \/>\n&nbsp;<\/p>\n\n    <div class=\"xs_social_share_widget xs_share_url after_content \t\tmain_content  wslu-style-1 wslu-share-box-shaped wslu-fill-colored wslu-none wslu-share-horizontal wslu-theme-font-no wslu-main_content\">\n\n\t\t\n        <ul>\n\t\t\t        <\/ul>\n    <\/div> \n","protected":false},"excerpt":{"rendered":"<p>Portiamo a conoscenza degli appassionati di\u00a0Fotografia che la mostra Confini 14\u00a0si terr\u00e0 a Dolo (Venezia) nelle sale della Barchessa di &hellip;<\/p>\n","protected":false},"author":3,"featured_media":0,"comment_status":"closed","ping_status":"closed","sticky":false,"template":"","format":"standard","meta":{"_acf_changed":false,"footnotes":""},"categories":[13],"tags":[],"class_list":["post-8711","post","type-post","status-publish","format-standard","hentry","category-mostre"],"acf":[],"_links":{"self":[{"href":"https:\/\/fiaf.net\/veneto\/wp-json\/wp\/v2\/posts\/8711","targetHints":{"allow":["GET"]}}],"collection":[{"href":"https:\/\/fiaf.net\/veneto\/wp-json\/wp\/v2\/posts"}],"about":[{"href":"https:\/\/fiaf.net\/veneto\/wp-json\/wp\/v2\/types\/post"}],"author":[{"embeddable":true,"href":"https:\/\/fiaf.net\/veneto\/wp-json\/wp\/v2\/users\/3"}],"replies":[{"embeddable":true,"href":"https:\/\/fiaf.net\/veneto\/wp-json\/wp\/v2\/comments?post=8711"}],"version-history":[{"count":0,"href":"https:\/\/fiaf.net\/veneto\/wp-json\/wp\/v2\/posts\/8711\/revisions"}],"wp:attachment":[{"href":"https:\/\/fiaf.net\/veneto\/wp-json\/wp\/v2\/media?parent=8711"}],"wp:term":[{"taxonomy":"category","embeddable":true,"href":"https:\/\/fiaf.net\/veneto\/wp-json\/wp\/v2\/categories?post=8711"},{"taxonomy":"post_tag","embeddable":true,"href":"https:\/\/fiaf.net\/veneto\/wp-json\/wp\/v2\/tags?post=8711"}],"curies":[{"name":"wp","href":"https:\/\/api.w.org\/{rel}","templated":true}]}}