{"id":9206,"date":"2018-04-29T11:06:19","date_gmt":"2018-04-29T09:06:19","guid":{"rendered":"https:\/\/fiaf.net\/regioni\/veneto\/?p=9206"},"modified":"2018-04-29T11:06:19","modified_gmt":"2018-04-29T09:06:19","slug":"eyes-365","status":"publish","type":"post","link":"https:\/\/fiaf.net\/veneto\/eyes-365\/","title":{"rendered":"EYES-365"},"content":{"rendered":"<p><img loading=\"lazy\" decoding=\"async\" class=\"aligncenter wp-image-9207 size-full\" src=\"https:\/\/fiaf.net\/veneto\/wp-content\/uploads\/sites\/7\/2018\/04\/eyes-365-invito-recto.jpg\" alt=\"eyes-365 invito recto\" width=\"800\" height=\"579\" srcset=\"https:\/\/fiaf.net\/veneto\/wp-content\/uploads\/sites\/7\/2018\/04\/eyes-365-invito-recto.jpg 800w, https:\/\/fiaf.net\/veneto\/wp-content\/uploads\/sites\/7\/2018\/04\/eyes-365-invito-recto-300x217.jpg 300w, https:\/\/fiaf.net\/veneto\/wp-content\/uploads\/sites\/7\/2018\/04\/eyes-365-invito-recto-768x556.jpg 768w\" sizes=\"auto, (max-width: 800px) 100vw, 800px\" \/> <img loading=\"lazy\" decoding=\"async\" class=\"aligncenter wp-image-9208 size-full\" src=\"https:\/\/fiaf.net\/veneto\/wp-content\/uploads\/sites\/7\/2018\/04\/eyes-365-invito-verso.jpg\" alt=\"eyes-365 invito verso\" width=\"800\" height=\"579\" srcset=\"https:\/\/fiaf.net\/veneto\/wp-content\/uploads\/sites\/7\/2018\/04\/eyes-365-invito-verso.jpg 800w, https:\/\/fiaf.net\/veneto\/wp-content\/uploads\/sites\/7\/2018\/04\/eyes-365-invito-verso-300x217.jpg 300w, https:\/\/fiaf.net\/veneto\/wp-content\/uploads\/sites\/7\/2018\/04\/eyes-365-invito-verso-768x556.jpg 768w\" sizes=\"auto, (max-width: 800px) 100vw, 800px\" \/><br \/>\n<strong>EYES-365<\/strong><br \/>\nFotografie del <strong>Photoclub Eyes BFI<\/strong>di San Felice Sul Panaro (MO)<br \/>\n&nbsp;<br \/>\nA cura di\u00a0 Alessandro Tegon<br \/>\n&nbsp;<br \/>\n<strong>Sottopasso della Stua<\/strong><br \/>\nPadova, Largo Europa<br \/>\n6 maggio \u2013 17 giugno 2018<br \/>\nInaugurazione 5 maggio 2018 ore 19:00<br \/>\nOrganizzata dal <strong>Comune di Padova Settore Cultura, Turismo, Musei e Biblioteche<\/strong>con il supporto <strong>dell\u2019Associazione di Promozione Sociale Kinima<\/strong>, la mostra fotografica <strong>EYES-365<\/strong>del <strong>Photoclub Eyes BFI<\/strong>di San Felice Sul Panaro (MO), curata da <strong>Alessandro Tegon<\/strong>, verr\u00e0 inaugurata sabato 5 maggio 2018 ore 19:00 negli spazi espositivi del <strong>Sottopasso della Stua<\/strong>a Padova e rester\u00e0 aperta al pubblico fino al 17 giugno.<br \/>\n&nbsp;<br \/>\n<strong>365 temi fotografici. Oltre 50 fotografi. Pi\u00f9 di 20.000 immagini prodotte. Un anno di fotografia. Unico strumento uguale per tutti: lo smartphone. Eyes-365 \u00e8 un lavoro sfaccettato, corale, estremamente contemporaneo.<\/strong><br \/>\n&nbsp;<br \/>\nDa un idea del presidente Luca Monelli del PhotoClub Eyes BFI, a partire dal 7 agosto 2014 fino al 6 agosto 2015 le vite dei partecipanti sono state accompagnate giorno dopo giorno da una sfida comune: sviluppare attraverso un massimo di 3 immagini un tema fotografico sempre diverso utilizzando esclusivamente uno smartphone, sia per la cattura dell\u2019immagine che per la post-produzione. Al termine della giornata il vincitore del tema precedente ha avuto il compito di decretare la migliore immagine del giorno, a chi l\u2019ha realizzata \u00e8 spettato poi definire il nuovo tema e scegliere il vincitore il giorno successivo. Ci sono stati momenti di crisi ed incertezza ma infine l\u2019dea e la forza del gruppo hanno permesso di ottenere dei risultati importanti.\u00a0 Si percepisce uno stato di necessit\u00e0, l\u2019urgenza ed il bisogno del fare. Sensazione che dalle parole di molti dei partecipanti si lega all\u2019esperienza vissuta durante il sisma del 2012. La forza, la vitalit\u00e0, la velocit\u00e0 dell\u2019idea \u00e8 racchiusa nell\u2019ultimo dei 9 punti del regolamento: \u201caltre regole strada facendo\u201d. Importante \u00e8 stato partire, iniziare, crescere e riflettere insieme.<br \/>\n&nbsp;<br \/>\nL\u2019aspetto ludico del progetto nasconde una profonda vocazione verso una pura cultura dell\u2019immagine. La scelta univoca dello smartphone \u00e8 simbolo e strumento di una declinazione migliorativa della democratizzazione della fotografia e rappresenta la necessit\u00e0 di superare certe demonizzazioni per porsi nell\u2019attualit\u00e0 nel modo pi\u00f9 diretto. Raccogliere immagini \u00e8 ormai diventato gesto comune, medium di condivisione e rapida socialit\u00e0. Se \u00e8 vero che oggi chiunque pu\u00f2 potenzialmente essere fotografo in ogni momento e luogo, \u00e8 per\u00f2 anche vero che la produzione massiva di immagini ed il loro continuo rinnovarsi spesso ne decretano la caduta verso l\u2019effimero. Trasformare in una riflessione fotografica ragionata questo ossessivo processo di fusione tra il vivere quotidiano e l\u2019atto fotografico, rappresenta la forza sperimentale di Eyes-365. Non contano le singole immagini, ma il loro insieme come corpus dimostrativo di un aspetto nodale della civilt\u00e0 di oggi. Immersi in un\u2019umanit\u00e0 che si nutre di immagini, spesso con superficialit\u00e0, i partecipanti hanno evidenziato come la fotografia di massa oltre all\u2019aspetto ricreativo ed aggregativo possa avere anche e soprattutto un potenziale culturale. La corposa sequenza di immagini che compone Eyes-365 \u00e8 insieme indagine e specchio della nostra contemporaneit\u00e0.<br \/>\n&nbsp;<br \/>\nProgetto ideato e condotto dal PhotoClub Eyes BFI di San Felice sul Panaro, Modena. Composto da un nutrito gruppo di fotografi, membro Fiaf, \u00e8 stato organizzatore dal 1994 al 2010 di ben 17 Festival \u201cFotoincontri\u201d cui va aggiunta l\u2019edizione speciale del 2013 successiva al sisma, senza scordare l\u2019organizzazione del \u201cMagico Carnevale\u201d ideato da Mario Lasalandra nel 2003.<br \/>\n&nbsp;<br \/>\nwww.kinima.it<br \/>\n&nbsp;<\/p>\n\n    <div class=\"xs_social_share_widget xs_share_url after_content \t\tmain_content  wslu-style-1 wslu-share-box-shaped wslu-fill-colored wslu-none wslu-share-horizontal wslu-theme-font-no wslu-main_content\">\n\n\t\t\n        <ul>\n\t\t\t        <\/ul>\n    <\/div> \n","protected":false},"excerpt":{"rendered":"<p>EYES-365 Fotografie del Photoclub Eyes BFIdi San Felice Sul Panaro (MO) &nbsp; A cura di\u00a0 Alessandro Tegon &nbsp; Sottopasso della &hellip;<\/p>\n","protected":false},"author":3,"featured_media":0,"comment_status":"closed","ping_status":"closed","sticky":false,"template":"","format":"standard","meta":{"_acf_changed":false,"footnotes":""},"categories":[13],"tags":[],"class_list":["post-9206","post","type-post","status-publish","format-standard","hentry","category-mostre"],"acf":[],"_links":{"self":[{"href":"https:\/\/fiaf.net\/veneto\/wp-json\/wp\/v2\/posts\/9206","targetHints":{"allow":["GET"]}}],"collection":[{"href":"https:\/\/fiaf.net\/veneto\/wp-json\/wp\/v2\/posts"}],"about":[{"href":"https:\/\/fiaf.net\/veneto\/wp-json\/wp\/v2\/types\/post"}],"author":[{"embeddable":true,"href":"https:\/\/fiaf.net\/veneto\/wp-json\/wp\/v2\/users\/3"}],"replies":[{"embeddable":true,"href":"https:\/\/fiaf.net\/veneto\/wp-json\/wp\/v2\/comments?post=9206"}],"version-history":[{"count":0,"href":"https:\/\/fiaf.net\/veneto\/wp-json\/wp\/v2\/posts\/9206\/revisions"}],"wp:attachment":[{"href":"https:\/\/fiaf.net\/veneto\/wp-json\/wp\/v2\/media?parent=9206"}],"wp:term":[{"taxonomy":"category","embeddable":true,"href":"https:\/\/fiaf.net\/veneto\/wp-json\/wp\/v2\/categories?post=9206"},{"taxonomy":"post_tag","embeddable":true,"href":"https:\/\/fiaf.net\/veneto\/wp-json\/wp\/v2\/tags?post=9206"}],"curies":[{"name":"wp","href":"https:\/\/api.w.org\/{rel}","templated":true}]}}