{"id":9438,"date":"2018-08-11T07:40:35","date_gmt":"2018-08-11T05:40:35","guid":{"rendered":"https:\/\/fiaf.net\/regioni\/veneto\/?p=9438"},"modified":"2018-08-11T07:40:35","modified_gmt":"2018-08-11T05:40:35","slug":"rassegna-stampa-di-fotografia-n-7-luglio-2018","status":"publish","type":"post","link":"https:\/\/fiaf.net\/veneto\/rassegna-stampa-di-fotografia-n-7-luglio-2018\/","title":{"rendered":"Rassegna stampa di Fotografia n.7 \/ luglio 2018"},"content":{"rendered":"<p><a href=\"https:\/\/fiaf.net\/regioni\/veneto\/wp-content\/uploads\/2018\/04\/fotopadova_logo2014.jpg\" rel=\"attachment wp-att-9140\"><img loading=\"lazy\" decoding=\"async\" class=\"size-full wp-image-9140 alignright\" src=\"https:\/\/fiaf.net\/regioni\/veneto\/wp-content\/uploads\/2018\/04\/fotopadova_logo2014.jpg\" alt=\"fotopadova_logo2014\" width=\"246\" height=\"180\" \/><\/a>Cari Amici,<br \/>\nabbiamo, come sempre, preparato per voi la consueta Rassegna Stampa, ed ecco, sperando possiate poi con calma leggerla durante le meritate ferie estive, che oggi vi arriva, qui allegato, il numero di luglio (settimo del suo undicesimo anno di vita) con i nostri auguri di buona lettura con l&#8217;auspicio sia sempre a voi gradita, e questo sar\u00e0 per noi ri grande soddisfazione per il tempo e lavoro profuso per la sua compilazione.<br \/>\nQuesta Rassegna \u00e8, come gi\u00e0 vi abbiamo in precedenza informati, un&#8217;estensione di Fotopadova (<a href=\"http:\/\/www.fotopadova.org\" target=\"_blank\" rel=\"noopener\">http:\/\/www.fotopadova.org<\/a>), sito internet, come la stessa indipendente, che pubblica saggi, recensioni e scritti originali di varia cultura fotografica e che troverete talvolta collegate in link al sito di sole immagini (<a href=\"http:\/\/immagini.fotopadova.org\" target=\"_blank\" rel=\"noopener\">http:\/\/immagini.fotopadova.org<\/a>) che ha funzione di dare pi\u00f9 spazio alle fotografie.<br \/>\nPer ambo i siti non ci saranno precise scadenze di inserimento di nuovi testi e\/o immagini per cui vi invitiamo a volerli seguire onde esser sempre aggiornati.<br \/>\nLa vostra collaborazione sar\u00e0 sempre gradita con articoli originali ed \u00e8 auspicata anche allo scopo di ampliare cos\u00ec il numero dei nostri opinionisti che non manchiamo di ringraziare per il loro disinteressato e valido contributo. Saranno anche ben accolti consigli e suggerimenti.<br \/>\nCon i migliori e pi\u00f9 cordiali saluti e l&#8217;augurio per una continuazione di buone ferie estive piene di buona luce!<br \/>\nLa Redazione di Fotopadova<br \/>\n.\u00a0<a href=\"https:\/\/fiaf.net\/veneto\/wp-content\/uploads\/sites\/7\/2018\/08\/rassegna-stampa-n.07-2018.pdf\" rel=\"\">rassegna stampa n.07-2018<\/a><\/p>\n\n    <div class=\"xs_social_share_widget xs_share_url after_content \t\tmain_content  wslu-style-1 wslu-share-box-shaped wslu-fill-colored wslu-none wslu-share-horizontal wslu-theme-font-no wslu-main_content\">\n\n\t\t\n        <ul>\n\t\t\t        <\/ul>\n    <\/div> \n","protected":false},"excerpt":{"rendered":"<p>Cari Amici, abbiamo, come sempre, preparato per voi la consueta Rassegna Stampa, ed ecco, sperando possiate poi con calma leggerla &hellip;<\/p>\n","protected":false},"author":3,"featured_media":0,"comment_status":"closed","ping_status":"closed","sticky":false,"template":"","format":"standard","meta":{"_acf_changed":false,"footnotes":""},"categories":[2,14],"tags":[],"class_list":["post-9438","post","type-post","status-publish","format-standard","hentry","category-attivita-circoli","category-rassegna-stampa"],"acf":[],"_links":{"self":[{"href":"https:\/\/fiaf.net\/veneto\/wp-json\/wp\/v2\/posts\/9438","targetHints":{"allow":["GET"]}}],"collection":[{"href":"https:\/\/fiaf.net\/veneto\/wp-json\/wp\/v2\/posts"}],"about":[{"href":"https:\/\/fiaf.net\/veneto\/wp-json\/wp\/v2\/types\/post"}],"author":[{"embeddable":true,"href":"https:\/\/fiaf.net\/veneto\/wp-json\/wp\/v2\/users\/3"}],"replies":[{"embeddable":true,"href":"https:\/\/fiaf.net\/veneto\/wp-json\/wp\/v2\/comments?post=9438"}],"version-history":[{"count":0,"href":"https:\/\/fiaf.net\/veneto\/wp-json\/wp\/v2\/posts\/9438\/revisions"}],"wp:attachment":[{"href":"https:\/\/fiaf.net\/veneto\/wp-json\/wp\/v2\/media?parent=9438"}],"wp:term":[{"taxonomy":"category","embeddable":true,"href":"https:\/\/fiaf.net\/veneto\/wp-json\/wp\/v2\/categories?post=9438"},{"taxonomy":"post_tag","embeddable":true,"href":"https:\/\/fiaf.net\/veneto\/wp-json\/wp\/v2\/tags?post=9438"}],"curies":[{"name":"wp","href":"https:\/\/api.w.org\/{rel}","templated":true}]}}